{"id":5059,"date":"2025-06-04T02:28:02","date_gmt":"2025-06-04T02:28:02","guid":{"rendered":"https:\/\/periodismobahia.com.ar\/viento-sur\/?p=5059"},"modified":"2025-06-04T02:28:02","modified_gmt":"2025-06-04T02:28:02","slug":"a-una-decada-de-una-declaracion-contundente","status":"publish","type":"post","link":"https:\/\/periodismobahia.com.ar\/viento-sur\/?p=5059","title":{"rendered":"A UNA D\u00c9CADA DE UNA DECLARACI\u00d3N CONTUNDENTE"},"content":{"rendered":"\n<p>El movimiento se conmemora cada 3 de junio y naci\u00f3 a partir de los m\u00faltiples femicidios ocurridos en Argentina.<\/p>\n\n\n\n<figure class=\"wp-block-image size-large\"><a href=\"https:\/\/periodismobahia.com.ar\/viento-sur\/wp-content\/uploads\/2025\/06\/92d089fc-adfe-4b75-8387-ba3bfcf19ef7.jpg\"><img loading=\"lazy\" decoding=\"async\" width=\"1024\" height=\"578\" src=\"https:\/\/periodismobahia.com.ar\/viento-sur\/wp-content\/uploads\/2025\/06\/92d089fc-adfe-4b75-8387-ba3bfcf19ef7-1024x578.jpg\" alt=\"\" class=\"wp-image-5060\" srcset=\"https:\/\/periodismobahia.com.ar\/viento-sur\/wp-content\/uploads\/2025\/06\/92d089fc-adfe-4b75-8387-ba3bfcf19ef7-1024x578.jpg 1024w, https:\/\/periodismobahia.com.ar\/viento-sur\/wp-content\/uploads\/2025\/06\/92d089fc-adfe-4b75-8387-ba3bfcf19ef7-300x169.jpg 300w, https:\/\/periodismobahia.com.ar\/viento-sur\/wp-content\/uploads\/2025\/06\/92d089fc-adfe-4b75-8387-ba3bfcf19ef7-768x434.jpg 768w, https:\/\/periodismobahia.com.ar\/viento-sur\/wp-content\/uploads\/2025\/06\/92d089fc-adfe-4b75-8387-ba3bfcf19ef7.jpg 1121w\" sizes=\"(max-width: 1024px) 100vw, 1024px\" \/><\/a><\/figure>\n\n\n\n<p>&#8212;&#8211;<\/p>\n\n\n\n<p>El caso Chiara P\u00e1ez fue el detonante: el 9 de mayo de 2015 la joven de 14 a\u00f1os que cursaba un embarazo de dos meses de gestaci\u00f3n fue asesinada por su ex novio Manuel Mansilla, de 16, en Rufino, provincia de Santa Fe. El asesino fue juzgado y condenado a 21 a\u00f1os de prisi\u00f3n.<\/p>\n\n\n\n<p>Tras el crimen la periodista Vanina Escales junto con otros colegas convocaron una marcha bajo el lema \u201cNi Una Menos\u201d.&nbsp;<\/p>\n\n\n\n<p>La convocatoria se hizo a trav\u00e9s de redes sociales, lo que permiti\u00f3 una r\u00e1pida difusi\u00f3n y organizaci\u00f3n del movimiento.<\/p>\n\n\n\n<p>El 3 de junio de ese a\u00f1o m\u00e1s de 200 mil personas marcharon al Congreso para denunciar la violencia machista y exigir justicia. Adem\u00e1s, se movilizaron en m\u00e1s de 80 ciudades.<\/p>\n\n\n\n<p>Desde entonces el movimiento creci\u00f3 como espacio de reclamo y acci\u00f3n feminista, con impacto en la calle, las redes y la agenda p\u00fablica.<\/p>\n\n\n\n<p>Cada a\u00f1o la marcha se repite en todo el pa\u00eds y se articulan demandas, como el fin de los femicidios, la aplicaci\u00f3n de leyes de protecci\u00f3n, el acceso a derechos sexuales y reproductivos, el respeto a la diversidad y la eliminaci\u00f3n de las violencias patriarcales.<\/p>\n\n\n\n<p><strong>Expansi\u00f3n al resto del mundo.<\/strong><strong><\/strong><\/p>\n\n\n\n<p><em>Ni Una Menos<\/em> no solo se convirti\u00f3 en una consigna, sino en un paraguas bajo el cual se articularon reclamos hist\u00f3ricos.<\/p>\n\n\n\n<p>Uruguay, Chile y M\u00e9xico replicaron el mismo grito ese 3 de junio de 2015. Ecuador lo hizo el 30 de julio.<\/p>\n\n\n\n<p>Al a\u00f1o siguiente, el reclamo contra la violencia machista cruz\u00f3 los continentes.<\/p>\n\n\n\n<figure class=\"wp-block-image size-large\"><a href=\"https:\/\/periodismobahia.com.ar\/viento-sur\/wp-content\/uploads\/2025\/06\/fdc0224a-e146-4c08-a980-adcd027400a1.jpg\"><img loading=\"lazy\" decoding=\"async\" width=\"1024\" height=\"688\" src=\"https:\/\/periodismobahia.com.ar\/viento-sur\/wp-content\/uploads\/2025\/06\/fdc0224a-e146-4c08-a980-adcd027400a1-1024x688.jpg\" alt=\"\" class=\"wp-image-5061\" srcset=\"https:\/\/periodismobahia.com.ar\/viento-sur\/wp-content\/uploads\/2025\/06\/fdc0224a-e146-4c08-a980-adcd027400a1-1024x688.jpg 1024w, https:\/\/periodismobahia.com.ar\/viento-sur\/wp-content\/uploads\/2025\/06\/fdc0224a-e146-4c08-a980-adcd027400a1-300x202.jpg 300w, https:\/\/periodismobahia.com.ar\/viento-sur\/wp-content\/uploads\/2025\/06\/fdc0224a-e146-4c08-a980-adcd027400a1-768x516.jpg 768w, https:\/\/periodismobahia.com.ar\/viento-sur\/wp-content\/uploads\/2025\/06\/fdc0224a-e146-4c08-a980-adcd027400a1-1536x1032.jpg 1536w, https:\/\/periodismobahia.com.ar\/viento-sur\/wp-content\/uploads\/2025\/06\/fdc0224a-e146-4c08-a980-adcd027400a1.jpg 1600w\" sizes=\"(max-width: 1024px) 100vw, 1024px\" \/><\/a><\/figure>\n\n\n\n<p>Ciudades de Asia y Europa registraron marchas, principalmente motorizadas por mujeres latinoamericanas migrantes. Se registraron movilizaciones en Paris, Barcelona, Oslo yAmsterdam, entre otros lugares.<\/p>\n\n\n\n<p>En Lima, por ejemplo, los medios peruanos catalogaron a la marcha <em>Ni Una Menos<\/em> de ese a\u00f1o como la manifestaci\u00f3n m\u00e1s grande en la historia de ese pa\u00eds.<\/p>\n\n\n\n<p>Tambi\u00e9n surgi\u00f3 el movimiento \u201cMe Too\u201d en Estados Unidos, donde mujeres comenzaron a relatar las agresiones machistas sufridas.<\/p>\n\n\n\n<p><strong>CONQUISTAS<\/strong><\/p>\n\n\n\n<p>El movimiento a partir del debate p\u00fablico logr\u00f3 establecer y modificar distintas leyes y pensamientos:&nbsp;<\/p>\n\n\n\n<ul>\n<li><strong>La Ley Micaela:<\/strong>Establece la capacitaci\u00f3n obligatoria en g\u00e9nero para todas las personas que trabajan en el Estado o se desempe\u00f1en en la funci\u00f3n p\u00fablica. Nace en 2019 a partir del femicidio de Micaela Garc\u00eda, una joven militante feminista asesinada dos a\u00f1os antes.<br><br><\/li>\n\n\n\n<li><strong>Fortalecimiento de la Ley 26.485:<\/strong> Ley de Protecci\u00f3n Integral para Prevenir, Sancionar y Erradicar la Violencia contra las Mujeres en los \u00e1mbitos que desarrollen sus relaciones interpersonales. Si bien fue sancionada en 2009, encontr\u00f3 en el movimiento <em>Ni Una Menos<\/em> una herramienta de visibilizaci\u00f3n y exigencia para su aplicaci\u00f3n efectiva.<br><br><\/li>\n\n\n\n<li><strong>El Programa Acompa\u00f1ar:<\/strong> Iniciativa del Ministerio de mujeres, g\u00e9neros y diversidades de Argentina que brinda asistencia econ\u00f3mica y apoyo integral a mujeres en situaci\u00f3n de violencia, promoviendo la autonom\u00eda y la salida de contextos de violencia.<br><br><\/li>\n\n\n\n<li><strong>Plan Nacional de Igualdad en la Diversidad:<\/strong> Documento estrat\u00e9gico que busca implementar pol\u00edticas p\u00fablicas con enfoque interseccional y federal para garantizar derechos y erradicar desigualdades para mujeres y la comunidad LGBTI+.<br><br><br><\/li>\n<\/ul>\n\n\n\n<p>Hoy, a diez a\u00f1os de esa marcha Ni Una Menos, la movilizaci\u00f3n sigue vigente y si bien las estad\u00edsticas contin\u00faan siendo alarmantes (seg\u00fan el Observatorio de Violencia de G\u00e9nero se produce un femicidio cada 31 horas), el movimiento consigui\u00f3 avances muy significativos en la historia de los derechos de las mujeres.<\/p>\n\n\n\n<p>&#8212;&#8212;&#8212;<\/p>\n\n\n\n<p><strong>Por: Luciano Monsalve, Julian Torres, MatiasMazzieri, Maximiliano Riffo, Maximo Fidalgo, Julieta Sanchez y Abril Garcia.<\/strong><\/p>\n\n\n\n<p><strong>Fotos: Archivo.<\/strong><strong><\/strong><\/p>\n","protected":false},"excerpt":{"rendered":"<p>El movimiento se conmemora cada 3 de junio y naci\u00f3 a partir de los m\u00faltiples femicidios ocurridos en Argentina. &#8212;&#8211; El caso Chiara P\u00e1ez fue el detonante: el 9 de mayo de 2015 la joven de 14 a\u00f1os que cursaba un embarazo de dos meses de gestaci\u00f3n fue asesinada por su ex novio Manuel Mansilla, [&hellip;]<\/p>\n","protected":false},"author":1,"featured_media":5060,"comment_status":"closed","ping_status":"open","sticky":false,"template":"","format":"standard","meta":{"footnotes":""},"categories":[410,89],"tags":[558,559,30,77,9,470,6],"_links":{"self":[{"href":"https:\/\/periodismobahia.com.ar\/viento-sur\/index.php?rest_route=\/wp\/v2\/posts\/5059"}],"collection":[{"href":"https:\/\/periodismobahia.com.ar\/viento-sur\/index.php?rest_route=\/wp\/v2\/posts"}],"about":[{"href":"https:\/\/periodismobahia.com.ar\/viento-sur\/index.php?rest_route=\/wp\/v2\/types\/post"}],"author":[{"embeddable":true,"href":"https:\/\/periodismobahia.com.ar\/viento-sur\/index.php?rest_route=\/wp\/v2\/users\/1"}],"replies":[{"embeddable":true,"href":"https:\/\/periodismobahia.com.ar\/viento-sur\/index.php?rest_route=%2Fwp%2Fv2%2Fcomments&post=5059"}],"version-history":[{"count":1,"href":"https:\/\/periodismobahia.com.ar\/viento-sur\/index.php?rest_route=\/wp\/v2\/posts\/5059\/revisions"}],"predecessor-version":[{"id":5062,"href":"https:\/\/periodismobahia.com.ar\/viento-sur\/index.php?rest_route=\/wp\/v2\/posts\/5059\/revisions\/5062"}],"wp:featuredmedia":[{"embeddable":true,"href":"https:\/\/periodismobahia.com.ar\/viento-sur\/index.php?rest_route=\/wp\/v2\/media\/5060"}],"wp:attachment":[{"href":"https:\/\/periodismobahia.com.ar\/viento-sur\/index.php?rest_route=%2Fwp%2Fv2%2Fmedia&parent=5059"}],"wp:term":[{"taxonomy":"category","embeddable":true,"href":"https:\/\/periodismobahia.com.ar\/viento-sur\/index.php?rest_route=%2Fwp%2Fv2%2Fcategories&post=5059"},{"taxonomy":"post_tag","embeddable":true,"href":"https:\/\/periodismobahia.com.ar\/viento-sur\/index.php?rest_route=%2Fwp%2Fv2%2Ftags&post=5059"}],"curies":[{"name":"wp","href":"https:\/\/api.w.org\/{rel}","templated":true}]}}