{"id":5053,"date":"2025-06-04T02:24:24","date_gmt":"2025-06-04T02:24:24","guid":{"rendered":"https:\/\/periodismobahia.com.ar\/viento-sur\/?p=5053"},"modified":"2025-06-04T02:25:39","modified_gmt":"2025-06-04T02:25:39","slug":"lucha-colectiva-y-feminismo-a-10-anos-del-primer-ni-una-menos","status":"publish","type":"post","link":"https:\/\/periodismobahia.com.ar\/viento-sur\/?p=5053","title":{"rendered":"LUCHA COLECTIVA Y FEMINISMO: A 10 A\u00d1OS DEL PRIMER \u201cNI UNA MENOS\u201d"},"content":{"rendered":"\n<p><em>El 3 de junio de 2015, m\u00e1s conocido como el 3J, es considerado un d\u00eda significativo e importante, ya que las calles se colmaron de mujeres, j\u00f3venes y ni\u00f1as. Este movimiento consolid\u00f3 un logr\u00f3 importante: se tom\u00f3 la real dimensi\u00f3n de cu\u00e1ntas eran, cu\u00e1ntas cosas lamentables suced\u00edan, que hab\u00eda una red y no estaban solas.<\/em><\/p>\n\n\n\n<p>A 10 a\u00f1os del primer \u201cNi Una Menos\u201d, Fernanda Petersen, abogada y militante feminista, pone en palabras c\u00f3mo se vivi\u00f3 ese momento, el impacto positivo que tuvo en la sociedad y se mantiene hasta el d\u00eda de hoy.<\/p>\n\n\n\n<p>&nbsp;\u201cFue algo muy grande que empez\u00f3 a tomar visibilidad\u201d, afirma, al tiempo de considerar que es algo que ya estaba instalado en la historia y que ten\u00eda sus or\u00edgenes, pero que con el tiempo fue tomando visibilidad y contexto.&nbsp;<\/p>\n\n\n\n<p><strong>EL PAPEL DE LAS REDES SOCIALES<\/strong><strong><\/strong><\/p>\n\n\n\n<p>Considera tambi\u00e9n que las redes sociales est\u00e1n presentes en todas las cuestiones y su masividad permite llegar de una manera inmediata a la sociedad.<\/p>\n\n\n\n<p>\u201cDe otra manera era imposible\u201d, exclama la abogada.<\/p>\n\n\n\n<p>Admite que con estas herramientas se democratiz\u00f3 el acceso a la informaci\u00f3n.<\/p>\n\n\n\n<p>\u201cSi se planteaba en otro momento social no se pod\u00eda lograr ni iba a tener la misma repercusi\u00f3n\u201d. Al mismo tiempo, considera que \u201cno podemos quitarle protagonismo a los medios de comunicaci\u00f3n, que aportan en conjunto con la difusi\u00f3n digital\u201d.<\/p>\n\n\n\n<p><strong>DESAF\u00cdOS DEL MOVIMIENTO&nbsp;<\/strong><strong><\/strong><\/p>\n\n\n\n<p>Petersen asegura que el principal desaf\u00edo del feminismo en la actualidad es poner en discusi\u00f3n problem\u00e1ticas que tengan que ver con el suicidio y la violencia sexual, sin que se corra de lugar el eje y el motivo de estos debates.<\/p>\n\n\n\n<p>\u201cSi sumamos los diferentes testimonios y luchas que se vivieron y se viven, obtendr\u00edamos como respuesta el porqu\u00e9 del debate y el valor que motiva esta marcha\u201d.<\/p>\n\n\n\n<figure class=\"wp-block-image size-full\"><a href=\"https:\/\/periodismobahia.com.ar\/viento-sur\/wp-content\/uploads\/2025\/06\/33e5264a-8e19-4bf3-9a86-0a1138a91865.jpg\"><img loading=\"lazy\" decoding=\"async\" width=\"807\" height=\"466\" src=\"https:\/\/periodismobahia.com.ar\/viento-sur\/wp-content\/uploads\/2025\/06\/33e5264a-8e19-4bf3-9a86-0a1138a91865.jpg\" alt=\"\" class=\"wp-image-5055\" srcset=\"https:\/\/periodismobahia.com.ar\/viento-sur\/wp-content\/uploads\/2025\/06\/33e5264a-8e19-4bf3-9a86-0a1138a91865.jpg 807w, https:\/\/periodismobahia.com.ar\/viento-sur\/wp-content\/uploads\/2025\/06\/33e5264a-8e19-4bf3-9a86-0a1138a91865-300x173.jpg 300w, https:\/\/periodismobahia.com.ar\/viento-sur\/wp-content\/uploads\/2025\/06\/33e5264a-8e19-4bf3-9a86-0a1138a91865-768x443.jpg 768w\" sizes=\"(max-width: 807px) 100vw, 807px\" \/><\/a><\/figure>\n\n\n\n<p>Se\u00f1ala adem\u00e1s que a una d\u00e9cada del primer 3J es prioritario comenzar a generar avances legislativos, que ayuden a propulsar las propuestas de organizaciones territoriales con un sentido de pertenencia.&nbsp;<\/p>\n\n\n\n<p>\u201cEs importante hablar de sexualidad de forma responsable y respetuosa, contemplando aspectos biol\u00f3gicos, psicol\u00f3gicos y sociales. Cuestionar estos casos no solo mejora la calidad de vida individual, sino tambi\u00e9n las relaciones interpersonales y la estabilidad de cada unx\u201d, indica Petersen.<\/p>\n\n\n\n<p>Agrega que \u201cmantenemos una muerta a manos de violencia machista cada menos de 30 horas, lo que da cuenta de no solamente la ausencia del Estado, sino tambi\u00e9n de las pocas pol\u00edticas p\u00fablicas que se implementaron y no dan resultados\u00bb.<\/p>\n\n\n\n<p><strong>EL FEMINISMO Y LA ACTUALIDAD<\/strong><strong><\/strong><\/p>\n\n\n\n<p>La letrada sentencia que el feminismo, es por definici\u00f3n, una inclusi\u00f3n de todas las voces y grupos.<\/p>\n\n\n\n<p>Resalta que siempre ha sido un espacio de discusi\u00f3n horizontal y en el que se le dio <a><\/a>voz y visibilizaci\u00f3n a aquellas que no la ten\u00edan.<\/p>\n\n\n\n<p>\u201cEl respeto por lo diverso ha sido y es una de las principales aristas dentro del feminismo. Entender conceptos de cuerpo territorio, nombrar violenciasinvisibilizadas y acompa\u00f1ar luchas diversas, es uno de los mayores capitales, que como, movimiento de mujeres se tiene\u201d.<\/p>\n\n\n\n<figure class=\"wp-block-image size-large\"><a href=\"https:\/\/periodismobahia.com.ar\/viento-sur\/wp-content\/uploads\/2025\/06\/3ccb9a38-3ded-418e-ab5c-5e8670a5f445.jpg\"><img loading=\"lazy\" decoding=\"async\" width=\"1024\" height=\"682\" src=\"https:\/\/periodismobahia.com.ar\/viento-sur\/wp-content\/uploads\/2025\/06\/3ccb9a38-3ded-418e-ab5c-5e8670a5f445-1024x682.jpg\" alt=\"\" class=\"wp-image-5056\" srcset=\"https:\/\/periodismobahia.com.ar\/viento-sur\/wp-content\/uploads\/2025\/06\/3ccb9a38-3ded-418e-ab5c-5e8670a5f445-1024x682.jpg 1024w, https:\/\/periodismobahia.com.ar\/viento-sur\/wp-content\/uploads\/2025\/06\/3ccb9a38-3ded-418e-ab5c-5e8670a5f445-300x200.jpg 300w, https:\/\/periodismobahia.com.ar\/viento-sur\/wp-content\/uploads\/2025\/06\/3ccb9a38-3ded-418e-ab5c-5e8670a5f445-768x512.jpg 768w, https:\/\/periodismobahia.com.ar\/viento-sur\/wp-content\/uploads\/2025\/06\/3ccb9a38-3ded-418e-ab5c-5e8670a5f445-1536x1023.jpg 1536w, https:\/\/periodismobahia.com.ar\/viento-sur\/wp-content\/uploads\/2025\/06\/3ccb9a38-3ded-418e-ab5c-5e8670a5f445.jpg 1600w\" sizes=\"(max-width: 1024px) 100vw, 1024px\" \/><\/a><\/figure>\n\n\n\n<p>A diez a\u00f1os del 3J, es fundamental reconocer los avances del movimiento feminista y seguir enfrentando los desaf\u00edos pendientes.<\/p>\n\n\n\n<p>Finalmente sostiene que la fuerza de la organizaci\u00f3n en las redes sociales permite visibilizar problem\u00e1ticas y promover cambios, pero a\u00fan queda mucho por hacer, especialmente en la implementaci\u00f3n de pol\u00edticas p\u00fablicas contra la violencia y la desigualdad.<\/p>\n\n\n\n<p>\u201cSigamos moviliz\u00e1ndonos, con inclusi\u00f3n y compromiso, para construir una sociedad m\u00e1s justa y libre de violencias\u201d.&nbsp;<\/p>\n\n\n\n<p><strong><em>La lucha contin\u00faa, y cada paso es crucial.<\/em><\/strong><\/p>\n\n\n\n<p>Por: Valentina Ch\u00e1vez, LuanaScorolli, Agostina Mochen, Lautaro R\u00edos, Sof\u00eda D\u00edaz Lombi y Angelina Protsman Pena.<\/p>\n\n\n\n<p>Fotograf\u00edas: Gentileza La Nueva.<\/p>\n","protected":false},"excerpt":{"rendered":"<p>El 3 de junio de 2015, m\u00e1s conocido como el 3J, es considerado un d\u00eda significativo e importante, ya que las calles se colmaron de mujeres, j\u00f3venes y ni\u00f1as. Este movimiento consolid\u00f3 un logr\u00f3 importante: se tom\u00f3 la real dimensi\u00f3n de cu\u00e1ntas eran, cu\u00e1ntas cosas lamentables suced\u00edan, que hab\u00eda una red y no estaban solas. [&hellip;]<\/p>\n","protected":false},"author":1,"featured_media":5054,"comment_status":"closed","ping_status":"open","sticky":false,"template":"","format":"standard","meta":{"footnotes":""},"categories":[88],"tags":[558,30,557,77,9,470,6],"_links":{"self":[{"href":"https:\/\/periodismobahia.com.ar\/viento-sur\/index.php?rest_route=\/wp\/v2\/posts\/5053"}],"collection":[{"href":"https:\/\/periodismobahia.com.ar\/viento-sur\/index.php?rest_route=\/wp\/v2\/posts"}],"about":[{"href":"https:\/\/periodismobahia.com.ar\/viento-sur\/index.php?rest_route=\/wp\/v2\/types\/post"}],"author":[{"embeddable":true,"href":"https:\/\/periodismobahia.com.ar\/viento-sur\/index.php?rest_route=\/wp\/v2\/users\/1"}],"replies":[{"embeddable":true,"href":"https:\/\/periodismobahia.com.ar\/viento-sur\/index.php?rest_route=%2Fwp%2Fv2%2Fcomments&post=5053"}],"version-history":[{"count":2,"href":"https:\/\/periodismobahia.com.ar\/viento-sur\/index.php?rest_route=\/wp\/v2\/posts\/5053\/revisions"}],"predecessor-version":[{"id":5058,"href":"https:\/\/periodismobahia.com.ar\/viento-sur\/index.php?rest_route=\/wp\/v2\/posts\/5053\/revisions\/5058"}],"wp:featuredmedia":[{"embeddable":true,"href":"https:\/\/periodismobahia.com.ar\/viento-sur\/index.php?rest_route=\/wp\/v2\/media\/5054"}],"wp:attachment":[{"href":"https:\/\/periodismobahia.com.ar\/viento-sur\/index.php?rest_route=%2Fwp%2Fv2%2Fmedia&parent=5053"}],"wp:term":[{"taxonomy":"category","embeddable":true,"href":"https:\/\/periodismobahia.com.ar\/viento-sur\/index.php?rest_route=%2Fwp%2Fv2%2Fcategories&post=5053"},{"taxonomy":"post_tag","embeddable":true,"href":"https:\/\/periodismobahia.com.ar\/viento-sur\/index.php?rest_route=%2Fwp%2Fv2%2Ftags&post=5053"}],"curies":[{"name":"wp","href":"https:\/\/api.w.org\/{rel}","templated":true}]}}