{"id":5037,"date":"2025-05-26T09:05:00","date_gmt":"2025-05-26T09:05:00","guid":{"rendered":"https:\/\/periodismobahia.com.ar\/viento-sur\/?p=5037"},"modified":"2025-06-05T18:54:24","modified_gmt":"2025-06-05T18:54:24","slug":"entre-costuras-y-revoluciones-el-vestir-argentino-a-lo-largo-del-tiempo-periodismo-grafico-ii","status":"publish","type":"post","link":"https:\/\/periodismobahia.com.ar\/viento-sur\/?p=5037","title":{"rendered":"Entre costuras y revoluciones: el vestir Argentino a lo largo del tiempo | Periodismo Gr\u00e1fico II"},"content":{"rendered":"\n<p>Por Rocio Romero<br><br>Era un jueves a la noche cuando mi abuela Nilda, en su momento de lucidez, me hab\u00eda halagado la vestimenta. Que era raro, porque hace mucho tiempo, nos hab\u00eda dejado de reconocer a los nietos. Esa misma noche, cuando ella tomaba el t\u00e9, habl\u00e1bamos de c\u00f3mo se \u201cempilchaba\u201d en su juventud y as\u00ed surgi\u00f3 una historia en el tiempo.<\/p>\n\n\n\n<p><br>Desde los tiempos antiguos, la indumentaria no solo cubri\u00f3 cuerpos, sino que expres\u00f3 jerarqu\u00edas, pertenencias y revoluciones. Cada pa\u00eds tradujo esa narrativa a su propia historia y Argentina no fue la excepci\u00f3n.<\/p>\n\n\n\n<figure class=\"wp-block-image size-large\"><a href=\"https:\/\/periodismobahia.com.ar\/viento-sur\/wp-content\/uploads\/2025\/06\/WhatsApp-Image-2025-05-23-at-9.21.06-PM.jpeg\"><img loading=\"lazy\" decoding=\"async\" width=\"683\" height=\"1024\" src=\"https:\/\/periodismobahia.com.ar\/viento-sur\/wp-content\/uploads\/2025\/06\/WhatsApp-Image-2025-05-23-at-9.21.06-PM-683x1024.jpeg\" alt=\"\" class=\"wp-image-5069\" srcset=\"https:\/\/periodismobahia.com.ar\/viento-sur\/wp-content\/uploads\/2025\/06\/WhatsApp-Image-2025-05-23-at-9.21.06-PM-683x1024.jpeg 683w, https:\/\/periodismobahia.com.ar\/viento-sur\/wp-content\/uploads\/2025\/06\/WhatsApp-Image-2025-05-23-at-9.21.06-PM-200x300.jpeg 200w, https:\/\/periodismobahia.com.ar\/viento-sur\/wp-content\/uploads\/2025\/06\/WhatsApp-Image-2025-05-23-at-9.21.06-PM.jpeg 736w\" sizes=\"(max-width: 683px) 100vw, 683px\" \/><\/a><\/figure>\n\n\n\n<p><br>La moda es mucho m\u00e1s que ropa. Es una narrativa visual de la sociedad. Es cultura, pol\u00edtica, arte y rebeld\u00eda. Y en Argentina, pa\u00eds de contradicciones, pasiones e historias intensas, la vestimenta fue siempre una manera de contar lo que las palabras no alcanzaban a decir. Desde las influencias coloniales hasta la irrupci\u00f3n del dise\u00f1o independiente, la moda argentina fue molde\u00e1ndose con cada crisis, cada revoluci\u00f3n y cada sue\u00f1o colectivo. Esta cr\u00f3nica es un viaje por esas texturas que nos vistieron el cuerpo\u2026 y tambi\u00e9n el alma.<\/p>\n\n\n\n<p><br>Durante el Virreinato del R\u00edo de La Plata, la \u00e9lite porte\u00f1a imitaba fervientemente las tendencias que llegaban desde Europa, en especial de Par\u00eds y Madrid. El vestir era un marcador de clase. Los trajes largos, los encajes, las sombrillas de seda y los zapatos con taco bajo hablaban de status y distinci\u00f3n. Pero con la Revoluci\u00f3n de Mayo y la conformaci\u00f3n del Estado argentino, empez\u00f3 a gestarse una identidad criolla, todav\u00eda influenciada por Europa, pero con un car\u00e1cter m\u00e1s propio.<\/p>\n\n\n\n<p><br>Entre 1845 y 1914 surgieron estilos reinventados, como el directorio o el burgu\u00e9s. Las mujeres comenzaban a salir m\u00e1s al espacio p\u00fablico, y con ello se adaptaban los cortes y telas a sus nuevas funciones. Mientras tanto, la clase trabajadora recurr\u00eda a telas m\u00e1s resistentes y a una moda m\u00e1s utilitaria. Ya desde entonces, se dibujaban diferencias sociales a trav\u00e9s de la ropa.<\/p>\n\n\n\n<p>Despu\u00e9s de la Primera Guerra Mundial, el mundo cambi\u00f3\u2026y con \u00e9l, la moda. Las mujeres comenzaron a participar activamente en la vida p\u00fablica, y la moda reflej\u00f3 esta nueva realidad. Los \u201cVibrantes a\u00f1os 20\u201d dejaron de lado el corset, cortaron su cabello al estilo gor\u00e7on y comenzaron a vestir vestidos cortos, con brillos y con flecos. La influencia del jazz y las expresiones art\u00edsticas generaban una nueva est\u00e9tica. La figura de la mujer moderna se volv\u00eda s\u00edmbolo de independencia. Ya no era solo madre o esposa: era trabajadora, estudiante, bailarina, so\u00f1adora. En las ciudades, sobre todo Buenos Aires, se respiraba ese aire cosmopolita donde la moda era tambi\u00e9n un manifiesto.<\/p>\n\n\n\n<p>En los a\u00f1os 50 tras la posguerra, la moda argentina retom\u00f3 el camino de la elegancia. Influenciada por Hollywood y por el \u201cNew Look\u201d de Christian Dior, las mujeres comenzaron a usar vestidos entallados, faldas amplias con volumen y cinturones que marcaban la silueta. Los guantes, sombreros y tacos eran sin\u00f3nimo de estilo. En Argentina, Eva Per\u00f3n fue un \u00edcono de moda. Su manera de vestir marcaba tendencia y transmit\u00eda un mensaje: la mujer pod\u00eda ser poderosa, visible y elegante. Las revistas como \u201dPara Ti\u201d y \u201dClaudia\u201d mostraban a la mujer ideal de la \u00e9poca, mientras las modistas del barrio adaptaban esos modelos a los cuerpos y a sus bolsillos.<\/p>\n\n\n\n<figure class=\"wp-block-image size-full\"><a href=\"https:\/\/periodismobahia.com.ar\/viento-sur\/wp-content\/uploads\/2025\/06\/WhatsApp-Image-2025-05-23-at-9.23.44-PM.jpeg\"><img loading=\"lazy\" decoding=\"async\" width=\"380\" height=\"600\" src=\"https:\/\/periodismobahia.com.ar\/viento-sur\/wp-content\/uploads\/2025\/06\/WhatsApp-Image-2025-05-23-at-9.23.44-PM.jpeg\" alt=\"\" class=\"wp-image-5070\" srcset=\"https:\/\/periodismobahia.com.ar\/viento-sur\/wp-content\/uploads\/2025\/06\/WhatsApp-Image-2025-05-23-at-9.23.44-PM.jpeg 380w, https:\/\/periodismobahia.com.ar\/viento-sur\/wp-content\/uploads\/2025\/06\/WhatsApp-Image-2025-05-23-at-9.23.44-PM-190x300.jpeg 190w\" sizes=\"(max-width: 380px) 100vw, 380px\" \/><\/a><\/figure>\n\n\n\n<p><br>La d\u00e9cada del 70 en Argentina fue turbulenta en todos los sentidos. En la moda, se expresaba esa efervescencia social. Aparecieron los pantalones Oxford, las camisas con cuellos anchos, los estampados psicod\u00e9licos, los chalecos y las plataformas. El estilo hippie y el rock nacional invadieron las calles y marcaron una generaci\u00f3n que buscaba identidad propia. La ropa comenz\u00f3 a ser m\u00e1s que una elecci\u00f3n est\u00e9tica: se convirti\u00f3 en una declaraci\u00f3n ideol\u00f3gica. Mientras algunos buscaban una libertad<br>creativa, otros deb\u00edan ocultarse para sobrevivir, En dictadura, vestirse tambi\u00e9n era un acto de resistencia. Grupos culturales como Teatro Abierto recuperaron el cuerpo como espacio de expresi\u00f3n, y la moda acompa\u00f1\u00f3 esos gestos, incluso en lo clandestino. <\/p>\n\n\n\n<figure class=\"wp-block-image size-full\"><a href=\"https:\/\/periodismobahia.com.ar\/viento-sur\/wp-content\/uploads\/2025\/06\/WhatsApp-Image-2025-05-23-at-9.25.42-PM-1.jpeg\"><img loading=\"lazy\" decoding=\"async\" width=\"736\" height=\"657\" src=\"https:\/\/periodismobahia.com.ar\/viento-sur\/wp-content\/uploads\/2025\/06\/WhatsApp-Image-2025-05-23-at-9.25.42-PM-1.jpeg\" alt=\"\" class=\"wp-image-5073\" srcset=\"https:\/\/periodismobahia.com.ar\/viento-sur\/wp-content\/uploads\/2025\/06\/WhatsApp-Image-2025-05-23-at-9.25.42-PM-1.jpeg 736w, https:\/\/periodismobahia.com.ar\/viento-sur\/wp-content\/uploads\/2025\/06\/WhatsApp-Image-2025-05-23-at-9.25.42-PM-1-300x268.jpeg 300w\" sizes=\"(max-width: 736px) 100vw, 736px\" \/><\/a><\/figure>\n\n\n\n<p><\/p>\n\n\n\n<p>La llegada de la televisi\u00f3n por cable, los videoclips de MTV y la apertura econ\u00f3mica marcaron los a\u00f1os 90. Las marcas comenzaron a tener protagonismo in\u00e9dito: Levi\u00b4s, Nike, Adidas y luego las nacionales como Kosiuko o Wanama. El jean se volvi\u00f3 el uniforme adolescente, las remeras con logos eran un must, y el estilo casual-minimalista se impon\u00eda en oficinas y colegios. La moda fast fashion comenzaba a asomar en el pa\u00eds, al mismo tiempo que surg\u00eda una camada de dise\u00f1adores que buscaban diferenciarse: Pablo Ram\u00edrez, Vero Ivaldi, entre otros. En los barrios, se armaban las primeras ferias independientes y comenzaba un circuito que ser\u00eda vital a\u00f1os despu\u00e9s.<\/p>\n\n\n\n<figure class=\"wp-block-image size-full\"><a href=\"https:\/\/periodismobahia.com.ar\/viento-sur\/wp-content\/uploads\/2025\/06\/WhatsApp-Image-2025-05-23-at-9.26.55-PM.jpeg\"><img loading=\"lazy\" decoding=\"async\" width=\"735\" height=\"758\" src=\"https:\/\/periodismobahia.com.ar\/viento-sur\/wp-content\/uploads\/2025\/06\/WhatsApp-Image-2025-05-23-at-9.26.55-PM.jpeg\" alt=\"\" class=\"wp-image-5071\" srcset=\"https:\/\/periodismobahia.com.ar\/viento-sur\/wp-content\/uploads\/2025\/06\/WhatsApp-Image-2025-05-23-at-9.26.55-PM.jpeg 735w, https:\/\/periodismobahia.com.ar\/viento-sur\/wp-content\/uploads\/2025\/06\/WhatsApp-Image-2025-05-23-at-9.26.55-PM-291x300.jpeg 291w\" sizes=\"(max-width: 735px) 100vw, 735px\" \/><\/a><\/figure>\n\n\n\n<p>Con la llegada de Internet, la moda se democratiz\u00f3. Ya no se depend\u00eda exclusivamente de las revistas o de las grandes marcas. Blogs, fotologs y m\u00e1s tarde Instagram, permitieron que cualquier persona pudiera mostrar su estilo y generar tendencias.<\/p>\n\n\n\n<p>Surgieron los dise\u00f1adores independientes, los showrooms caseros, las ferias de dise\u00f1o como la Feria PuroDise\u00f1o o el BAFWeek. Aparecieron propuestas que mezclaban reciclaje, producci\u00f3n consciente y creatividad libre. Las prendas dejaban de ser uniformes de temporada para convertirse en anifestaciones personales.<\/p>\n\n\n\n<p><br>En la actualidad, la moda argentina se caracteriza por su diversidad. Hay lugar para el dise\u00f1o de autor, para lo urbano, lo vintage, lo artesanal y lo experimental. Se valora el upcycling, la identidad de g\u00e9nero fluida, el respeto por el ambiente y los procesos de producci\u00f3n \u00e9tica.<\/p>\n\n\n\n<p><br>Las marcas independientes como \u201cEl Poeta Celoso\u201d o \u201cBroer\u201d crecen gracias a la autogesti\u00f3n, las redes y el boca en boca. Cada prenda cuenta una historia, muchas veces ligada a lo social, lo art\u00edstico o lo ecol\u00f3gico. Las pasarelas ya no son el \u00fanico escenario: la calle, las redes y el propio cuerpo se convierten en espacios de moda viva.<\/p>\n\n\n\n<p>Vestirse en Argentina siempre fue m\u00e1s que cubrir el cuerpo. Fue contar historias, resistir silencios, imaginar futuros. La moda acompa\u00f1\u00f3 los cambios del pa\u00eds, se ti\u00f1\u00f3 de lucha, de deseo, de clase, de estilo. Es una memoria tejida en hilos, colores y formas.<\/p>\n\n\n\n<p><br>Y hoy, cuando las juventudes experimentan con lo queer, lo sustentable y lo libre, seguimos haciendo de la ropa un lenguaje. Porque en Argentina, la moda no pasa\u2026deja huella.<\/p>\n\n\n\n<p>\u201c<strong>Me interesa hacer moda con memoria, con poes\u00eda, con historia.\u201d &#8211; Pablo Ram\u00edrez.<\/strong><\/p>\n\n\n\n<p>Bibliograf\u00eda<br>\u27a2 AMA Modelos. (s.f.). Historia de la moda en Argentina. AMA Modelos.<br>Rocio Romero | Periodismo Gr\u00e1fico II<br>Instituto Superior en Ciencias de la Comunicaci\u00f3n Social<br>https:\/\/www.amamodelos.com.ar\/post\/historia-de-la-moda-en-argentina<\/p>\n","protected":false},"excerpt":{"rendered":"<p>Por Rocio Romero Era un jueves a la noche cuando mi abuela Nilda, en su momento de lucidez, me hab\u00eda halagado la vestimenta. Que era raro, porque hace mucho tiempo, nos hab\u00eda dejado de reconocer a los nietos. Esa misma noche, cuando ella tomaba el t\u00e9, habl\u00e1bamos de c\u00f3mo se \u201cempilchaba\u201d en su juventud y [&hellip;]<\/p>\n","protected":false},"author":1,"featured_media":5071,"comment_status":"closed","ping_status":"open","sticky":false,"template":"","format":"standard","meta":{"footnotes":""},"categories":[88,410,550],"tags":[74,30,553,9,6],"_links":{"self":[{"href":"https:\/\/periodismobahia.com.ar\/viento-sur\/index.php?rest_route=\/wp\/v2\/posts\/5037"}],"collection":[{"href":"https:\/\/periodismobahia.com.ar\/viento-sur\/index.php?rest_route=\/wp\/v2\/posts"}],"about":[{"href":"https:\/\/periodismobahia.com.ar\/viento-sur\/index.php?rest_route=\/wp\/v2\/types\/post"}],"author":[{"embeddable":true,"href":"https:\/\/periodismobahia.com.ar\/viento-sur\/index.php?rest_route=\/wp\/v2\/users\/1"}],"replies":[{"embeddable":true,"href":"https:\/\/periodismobahia.com.ar\/viento-sur\/index.php?rest_route=%2Fwp%2Fv2%2Fcomments&post=5037"}],"version-history":[{"count":2,"href":"https:\/\/periodismobahia.com.ar\/viento-sur\/index.php?rest_route=\/wp\/v2\/posts\/5037\/revisions"}],"predecessor-version":[{"id":5074,"href":"https:\/\/periodismobahia.com.ar\/viento-sur\/index.php?rest_route=\/wp\/v2\/posts\/5037\/revisions\/5074"}],"wp:featuredmedia":[{"embeddable":true,"href":"https:\/\/periodismobahia.com.ar\/viento-sur\/index.php?rest_route=\/wp\/v2\/media\/5071"}],"wp:attachment":[{"href":"https:\/\/periodismobahia.com.ar\/viento-sur\/index.php?rest_route=%2Fwp%2Fv2%2Fmedia&parent=5037"}],"wp:term":[{"taxonomy":"category","embeddable":true,"href":"https:\/\/periodismobahia.com.ar\/viento-sur\/index.php?rest_route=%2Fwp%2Fv2%2Fcategories&post=5037"},{"taxonomy":"post_tag","embeddable":true,"href":"https:\/\/periodismobahia.com.ar\/viento-sur\/index.php?rest_route=%2Fwp%2Fv2%2Ftags&post=5037"}],"curies":[{"name":"wp","href":"https:\/\/api.w.org\/{rel}","templated":true}]}}