{"id":388,"date":"2015-11-26T15:17:35","date_gmt":"2015-11-26T15:17:35","guid":{"rendered":"http:\/\/periodismobahia.com.ar\/viento-sur\/?p=388"},"modified":"2015-11-26T15:35:47","modified_gmt":"2015-11-26T15:35:47","slug":"recorrida-fotografica","status":"publish","type":"post","link":"https:\/\/periodismobahia.com.ar\/viento-sur\/?p=388","title":{"rendered":"Recorrida Fotogr\u00e1fica"},"content":{"rendered":"<p>Es un espacio de difusi\u00f3n de im\u00e1genes captadas por alumnos de tercer a\u00f1o de Periodismo, organizados en la asignatura a cargo del profesor y fot\u00f3grafo profesional <strong>Rodrigo Garc\u00eda<\/strong>.<\/p>\n<p><!--more--><\/p>\n<p><strong>Alumna: \u00a0Sol Azc\u00e1rate\u00a0<\/strong><\/p>\n<div id='gallery-1' class='gallery galleryid-388 gallery-columns-2 gallery-size-large'><figure class='gallery-item'>\n\t\t\t<div class='gallery-icon landscape'>\n\t\t\t\t<a href='https:\/\/periodismobahia.com.ar\/viento-sur\/wp-content\/uploads\/2015\/11\/31.jpg'><img loading=\"lazy\" decoding=\"async\" width=\"640\" height=\"384\" src=\"https:\/\/periodismobahia.com.ar\/viento-sur\/wp-content\/uploads\/2015\/11\/31-1024x614.jpg\" class=\"attachment-large size-large\" alt=\"\" aria-describedby=\"gallery-1-389\" srcset=\"https:\/\/periodismobahia.com.ar\/viento-sur\/wp-content\/uploads\/2015\/11\/31-1024x614.jpg 1024w, https:\/\/periodismobahia.com.ar\/viento-sur\/wp-content\/uploads\/2015\/11\/31-300x180.jpg 300w\" sizes=\"(max-width: 640px) 100vw, 640px\" \/><\/a>\n\t\t\t<\/div>\n\t\t\t\t<figcaption class='wp-caption-text gallery-caption' id='gallery-1-389'>\n\t\t\t\tJacinto protag\u00f3nico &#8211;  El caballo del establecimiento \u00abGure Lur\u00bb, en Mayor Buratovich.\n\t\t\t\t<\/figcaption><\/figure><figure class='gallery-item'>\n\t\t\t<div class='gallery-icon landscape'>\n\t\t\t\t<a href='https:\/\/periodismobahia.com.ar\/viento-sur\/wp-content\/uploads\/2015\/11\/IMG_1547.jpg'><img loading=\"lazy\" decoding=\"async\" width=\"640\" height=\"480\" src=\"https:\/\/periodismobahia.com.ar\/viento-sur\/wp-content\/uploads\/2015\/11\/IMG_1547-1024x768.jpg\" class=\"attachment-large size-large\" alt=\"\" aria-describedby=\"gallery-1-390\" srcset=\"https:\/\/periodismobahia.com.ar\/viento-sur\/wp-content\/uploads\/2015\/11\/IMG_1547-1024x768.jpg 1024w, https:\/\/periodismobahia.com.ar\/viento-sur\/wp-content\/uploads\/2015\/11\/IMG_1547-300x225.jpg 300w\" sizes=\"(max-width: 640px) 100vw, 640px\" \/><\/a>\n\t\t\t<\/div>\n\t\t\t\t<figcaption class='wp-caption-text gallery-caption' id='gallery-1-390'>\n\t\t\t\tUn tendal de por ah\u00ed &#8211; Desde un segundo piso, dame un zoom.\n\t\t\t\t<\/figcaption><\/figure><figure class='gallery-item'>\n\t\t\t<div class='gallery-icon landscape'>\n\t\t\t\t<a href='https:\/\/periodismobahia.com.ar\/viento-sur\/wp-content\/uploads\/2015\/11\/IMG_1582.jpg'><img loading=\"lazy\" decoding=\"async\" width=\"640\" height=\"480\" src=\"https:\/\/periodismobahia.com.ar\/viento-sur\/wp-content\/uploads\/2015\/11\/IMG_1582-1024x768.jpg\" class=\"attachment-large size-large\" alt=\"\" aria-describedby=\"gallery-1-391\" srcset=\"https:\/\/periodismobahia.com.ar\/viento-sur\/wp-content\/uploads\/2015\/11\/IMG_1582-1024x768.jpg 1024w, https:\/\/periodismobahia.com.ar\/viento-sur\/wp-content\/uploads\/2015\/11\/IMG_1582-300x225.jpg 300w\" sizes=\"(max-width: 640px) 100vw, 640px\" \/><\/a>\n\t\t\t<\/div>\n\t\t\t\t<figcaption class='wp-caption-text gallery-caption' id='gallery-1-391'>\n\t\t\t\tEntramado &#8211; Chimenea y teja, donde termina una y empieza la otra.\n\t\t\t\t<\/figcaption><\/figure>\n\t\t<\/div>\n\n<p><strong>Alumna: Camila Marinozzi<\/strong><\/p>\n<div id='gallery-2' class='gallery galleryid-388 gallery-columns-2 gallery-size-large'><figure class='gallery-item'>\n\t\t\t<div class='gallery-icon landscape'>\n\t\t\t\t<a href='https:\/\/periodismobahia.com.ar\/viento-sur\/wp-content\/uploads\/2015\/11\/Foto-1.jpg'><img loading=\"lazy\" decoding=\"async\" width=\"640\" height=\"480\" src=\"https:\/\/periodismobahia.com.ar\/viento-sur\/wp-content\/uploads\/2015\/11\/Foto-1-1024x768.jpg\" class=\"attachment-large size-large\" alt=\"\" aria-describedby=\"gallery-2-395\" srcset=\"https:\/\/periodismobahia.com.ar\/viento-sur\/wp-content\/uploads\/2015\/11\/Foto-1-1024x768.jpg 1024w, https:\/\/periodismobahia.com.ar\/viento-sur\/wp-content\/uploads\/2015\/11\/Foto-1-300x225.jpg 300w\" sizes=\"(max-width: 640px) 100vw, 640px\" \/><\/a>\n\t\t\t<\/div>\n\t\t\t\t<figcaption class='wp-caption-text gallery-caption' id='gallery-2-395'>\n\t\t\t\tCartel en mal estado en calle Av. Fortaleza Protectora Argentina\n\n\t\t\t\t<\/figcaption><\/figure><figure class='gallery-item'>\n\t\t\t<div class='gallery-icon landscape'>\n\t\t\t\t<a href='https:\/\/periodismobahia.com.ar\/viento-sur\/wp-content\/uploads\/2015\/11\/Foto-2.jpg'><img loading=\"lazy\" decoding=\"async\" width=\"640\" height=\"480\" src=\"https:\/\/periodismobahia.com.ar\/viento-sur\/wp-content\/uploads\/2015\/11\/Foto-2-1024x768.jpg\" class=\"attachment-large size-large\" alt=\"\" aria-describedby=\"gallery-2-396\" srcset=\"https:\/\/periodismobahia.com.ar\/viento-sur\/wp-content\/uploads\/2015\/11\/Foto-2-1024x768.jpg 1024w, https:\/\/periodismobahia.com.ar\/viento-sur\/wp-content\/uploads\/2015\/11\/Foto-2-300x225.jpg 300w\" sizes=\"(max-width: 640px) 100vw, 640px\" \/><\/a>\n\t\t\t<\/div>\n\t\t\t\t<figcaption class='wp-caption-text gallery-caption' id='gallery-2-396'>\n\t\t\t\tVereda en mal estado en calle alem al 300\n\n\t\t\t\t<\/figcaption><\/figure><figure class='gallery-item'>\n\t\t\t<div class='gallery-icon landscape'>\n\t\t\t\t<a href='https:\/\/periodismobahia.com.ar\/viento-sur\/wp-content\/uploads\/2015\/11\/Foto-3.jpg'><img loading=\"lazy\" decoding=\"async\" width=\"640\" height=\"480\" src=\"https:\/\/periodismobahia.com.ar\/viento-sur\/wp-content\/uploads\/2015\/11\/Foto-3-1024x768.jpg\" class=\"attachment-large size-large\" alt=\"\" aria-describedby=\"gallery-2-397\" srcset=\"https:\/\/periodismobahia.com.ar\/viento-sur\/wp-content\/uploads\/2015\/11\/Foto-3-1024x768.jpg 1024w, https:\/\/periodismobahia.com.ar\/viento-sur\/wp-content\/uploads\/2015\/11\/Foto-3-300x225.jpg 300w\" sizes=\"(max-width: 640px) 100vw, 640px\" \/><\/a>\n\t\t\t<\/div>\n\t\t\t\t<figcaption class='wp-caption-text gallery-caption' id='gallery-2-397'>\n\t\t\t\tPlazoleta Batalla Vuelta de Obligado \n\n\t\t\t\t<\/figcaption><\/figure>\n\t\t<\/div>\n\n<p>&nbsp;<\/p>\n<p><strong>Alumna: Rodr\u00edguez, Magdalena.<\/strong><\/p>\n<div id='gallery-3' class='gallery galleryid-388 gallery-columns-2 gallery-size-large'><figure class='gallery-item'>\n\t\t\t<div class='gallery-icon landscape'>\n\t\t\t\t<a href='https:\/\/periodismobahia.com.ar\/viento-sur\/wp-content\/uploads\/2015\/11\/1.jpg'><img loading=\"lazy\" decoding=\"async\" width=\"640\" height=\"427\" src=\"https:\/\/periodismobahia.com.ar\/viento-sur\/wp-content\/uploads\/2015\/11\/1-1024x683.jpg\" class=\"attachment-large size-large\" alt=\"\" aria-describedby=\"gallery-3-398\" srcset=\"https:\/\/periodismobahia.com.ar\/viento-sur\/wp-content\/uploads\/2015\/11\/1-1024x683.jpg 1024w, https:\/\/periodismobahia.com.ar\/viento-sur\/wp-content\/uploads\/2015\/11\/1-300x200.jpg 300w\" sizes=\"(max-width: 640px) 100vw, 640px\" \/><\/a>\n\t\t\t<\/div>\n\t\t\t\t<figcaption class='wp-caption-text gallery-caption' id='gallery-3-398'>\n\t\t\t\tTeatro Municipal, Alsina 425.\n\t\t\t\t<\/figcaption><\/figure><figure class='gallery-item'>\n\t\t\t<div class='gallery-icon landscape'>\n\t\t\t\t<a href='https:\/\/periodismobahia.com.ar\/viento-sur\/wp-content\/uploads\/2015\/11\/9.jpg'><img loading=\"lazy\" decoding=\"async\" width=\"640\" height=\"427\" src=\"https:\/\/periodismobahia.com.ar\/viento-sur\/wp-content\/uploads\/2015\/11\/9-1024x683.jpg\" class=\"attachment-large size-large\" alt=\"\" aria-describedby=\"gallery-3-400\" srcset=\"https:\/\/periodismobahia.com.ar\/viento-sur\/wp-content\/uploads\/2015\/11\/9-1024x683.jpg 1024w, https:\/\/periodismobahia.com.ar\/viento-sur\/wp-content\/uploads\/2015\/11\/9-300x200.jpg 300w\" sizes=\"(max-width: 640px) 100vw, 640px\" \/><\/a>\n\t\t\t<\/div>\n\t\t\t\t<figcaption class='wp-caption-text gallery-caption' id='gallery-3-400'>\n\t\t\t\tEscultura \u00abFlecha y Arco\u00bb, de P\u00e1jaro G\u00f3mez.\n\t\t\t\t<\/figcaption><\/figure><figure class='gallery-item'>\n\t\t\t<div class='gallery-icon portrait'>\n\t\t\t\t<a href='https:\/\/periodismobahia.com.ar\/viento-sur\/wp-content\/uploads\/2015\/11\/32.jpg'><img loading=\"lazy\" decoding=\"async\" width=\"640\" height=\"960\" src=\"https:\/\/periodismobahia.com.ar\/viento-sur\/wp-content\/uploads\/2015\/11\/32-683x1024.jpg\" class=\"attachment-large size-large\" alt=\"\" aria-describedby=\"gallery-3-399\" srcset=\"https:\/\/periodismobahia.com.ar\/viento-sur\/wp-content\/uploads\/2015\/11\/32-683x1024.jpg 683w, https:\/\/periodismobahia.com.ar\/viento-sur\/wp-content\/uploads\/2015\/11\/32-200x300.jpg 200w\" sizes=\"(max-width: 640px) 100vw, 640px\" \/><\/a>\n\t\t\t<\/div>\n\t\t\t\t<figcaption class='wp-caption-text gallery-caption' id='gallery-3-399'>\n\t\t\t\tEspig\u00f3n este, en las playas de Monte Hermoso.\n\t\t\t\t<\/figcaption><\/figure>\n\t\t<\/div>\n\n<p><strong>Alumno: Jos\u00e9 Esteban De Robbio<\/strong><\/p>\n<div id='gallery-4' class='gallery galleryid-388 gallery-columns-2 gallery-size-large'><figure class='gallery-item'>\n\t\t\t<div class='gallery-icon landscape'>\n\t\t\t\t<a href='https:\/\/periodismobahia.com.ar\/viento-sur\/wp-content\/uploads\/2015\/11\/11743795_10204517762159843_1809373113_o.jpg'><img loading=\"lazy\" decoding=\"async\" width=\"640\" height=\"480\" src=\"https:\/\/periodismobahia.com.ar\/viento-sur\/wp-content\/uploads\/2015\/11\/11743795_10204517762159843_1809373113_o-1024x768.jpg\" class=\"attachment-large size-large\" alt=\"\" aria-describedby=\"gallery-4-402\" srcset=\"https:\/\/periodismobahia.com.ar\/viento-sur\/wp-content\/uploads\/2015\/11\/11743795_10204517762159843_1809373113_o-1024x768.jpg 1024w, https:\/\/periodismobahia.com.ar\/viento-sur\/wp-content\/uploads\/2015\/11\/11743795_10204517762159843_1809373113_o-300x225.jpg 300w, https:\/\/periodismobahia.com.ar\/viento-sur\/wp-content\/uploads\/2015\/11\/11743795_10204517762159843_1809373113_o.jpg 2048w\" sizes=\"(max-width: 640px) 100vw, 640px\" \/><\/a>\n\t\t\t<\/div>\n\t\t\t\t<figcaption class='wp-caption-text gallery-caption' id='gallery-4-402'>\n\t\t\t\tLa naturaleza nocturna del portal de entrada al Parque de Mayo.\n\t\t\t\t<\/figcaption><\/figure><figure class='gallery-item'>\n\t\t\t<div class='gallery-icon landscape'>\n\t\t\t\t<a href='https:\/\/periodismobahia.com.ar\/viento-sur\/wp-content\/uploads\/2015\/11\/12168089_10207554982248741_1614967202_n.jpg'><img loading=\"lazy\" decoding=\"async\" width=\"640\" height=\"373\" src=\"https:\/\/periodismobahia.com.ar\/viento-sur\/wp-content\/uploads\/2015\/11\/12168089_10207554982248741_1614967202_n.jpg\" class=\"attachment-large size-large\" alt=\"\" aria-describedby=\"gallery-4-404\" srcset=\"https:\/\/periodismobahia.com.ar\/viento-sur\/wp-content\/uploads\/2015\/11\/12168089_10207554982248741_1614967202_n.jpg 960w, https:\/\/periodismobahia.com.ar\/viento-sur\/wp-content\/uploads\/2015\/11\/12168089_10207554982248741_1614967202_n-300x175.jpg 300w\" sizes=\"(max-width: 640px) 100vw, 640px\" \/><\/a>\n\t\t\t<\/div>\n\t\t\t\t<figcaption class='wp-caption-text gallery-caption' id='gallery-4-404'>\n\t\t\t\tEl predio del Club Villa Mitre ubicado en Thompson y M\u00e9xico.\n\t\t\t\t<\/figcaption><\/figure><figure class='gallery-item'>\n\t\t\t<div class='gallery-icon landscape'>\n\t\t\t\t<a href='https:\/\/periodismobahia.com.ar\/viento-sur\/wp-content\/uploads\/2015\/11\/11748719_10206880605269738_1747193405_n.jpg'><img loading=\"lazy\" decoding=\"async\" width=\"640\" height=\"480\" src=\"https:\/\/periodismobahia.com.ar\/viento-sur\/wp-content\/uploads\/2015\/11\/11748719_10206880605269738_1747193405_n.jpg\" class=\"attachment-large size-large\" alt=\"\" aria-describedby=\"gallery-4-403\" srcset=\"https:\/\/periodismobahia.com.ar\/viento-sur\/wp-content\/uploads\/2015\/11\/11748719_10206880605269738_1747193405_n.jpg 960w, https:\/\/periodismobahia.com.ar\/viento-sur\/wp-content\/uploads\/2015\/11\/11748719_10206880605269738_1747193405_n-300x225.jpg 300w\" sizes=\"(max-width: 640px) 100vw, 640px\" \/><\/a>\n\t\t\t<\/div>\n\t\t\t\t<figcaption class='wp-caption-text gallery-caption' id='gallery-4-403'>\n\t\t\t\tEl Teatro Municipal y su emblem\u00e1tica fachada principal.\n\t\t\t\t<\/figcaption><\/figure>\n\t\t<\/div>\n\n<p><strong>Alumno: Mat\u00edas Salinger<\/strong><\/p>\n<div id='gallery-5' class='gallery galleryid-388 gallery-columns-2 gallery-size-large'><figure class='gallery-item'>\n\t\t\t<div class='gallery-icon landscape'>\n\t\t\t\t<a href='https:\/\/periodismobahia.com.ar\/viento-sur\/wp-content\/uploads\/2015\/11\/matias1.jpg'><img loading=\"lazy\" decoding=\"async\" width=\"640\" height=\"359\" src=\"https:\/\/periodismobahia.com.ar\/viento-sur\/wp-content\/uploads\/2015\/11\/matias1-1024x575.jpg\" class=\"attachment-large size-large\" alt=\"\" aria-describedby=\"gallery-5-405\" srcset=\"https:\/\/periodismobahia.com.ar\/viento-sur\/wp-content\/uploads\/2015\/11\/matias1-1024x575.jpg 1024w, https:\/\/periodismobahia.com.ar\/viento-sur\/wp-content\/uploads\/2015\/11\/matias1-300x169.jpg 300w\" sizes=\"(max-width: 640px) 100vw, 640px\" \/><\/a>\n\t\t\t<\/div>\n\t\t\t\t<figcaption class='wp-caption-text gallery-caption' id='gallery-5-405'>\n\t\t\t\tImagen recurrente en la zona de Ingeniero White. Foto de archivo\n\t\t\t\t<\/figcaption><\/figure><figure class='gallery-item'>\n\t\t\t<div class='gallery-icon landscape'>\n\t\t\t\t<a href='https:\/\/periodismobahia.com.ar\/viento-sur\/wp-content\/uploads\/2015\/11\/matias2.jpg'><img loading=\"lazy\" decoding=\"async\" width=\"640\" height=\"359\" src=\"https:\/\/periodismobahia.com.ar\/viento-sur\/wp-content\/uploads\/2015\/11\/matias2-1024x575.jpg\" class=\"attachment-large size-large\" alt=\"\" aria-describedby=\"gallery-5-406\" srcset=\"https:\/\/periodismobahia.com.ar\/viento-sur\/wp-content\/uploads\/2015\/11\/matias2-1024x575.jpg 1024w, https:\/\/periodismobahia.com.ar\/viento-sur\/wp-content\/uploads\/2015\/11\/matias2-300x169.jpg 300w\" sizes=\"(max-width: 640px) 100vw, 640px\" \/><\/a>\n\t\t\t<\/div>\n\t\t\t\t<figcaption class='wp-caption-text gallery-caption' id='gallery-5-406'>\n\t\t\t\tPreocupaci\u00f3n el puerto por c\u00f3mo se levantara el cepo. Foto de archivo.\n\t\t\t\t<\/figcaption><\/figure><figure class='gallery-item'>\n\t\t\t<div class='gallery-icon portrait'>\n\t\t\t\t<a href='https:\/\/periodismobahia.com.ar\/viento-sur\/wp-content\/uploads\/2015\/11\/matias3.jpg'><img loading=\"lazy\" decoding=\"async\" width=\"575\" height=\"1024\" src=\"https:\/\/periodismobahia.com.ar\/viento-sur\/wp-content\/uploads\/2015\/11\/matias3-575x1024.jpg\" class=\"attachment-large size-large\" alt=\"\" aria-describedby=\"gallery-5-407\" srcset=\"https:\/\/periodismobahia.com.ar\/viento-sur\/wp-content\/uploads\/2015\/11\/matias3-575x1024.jpg 575w, https:\/\/periodismobahia.com.ar\/viento-sur\/wp-content\/uploads\/2015\/11\/matias3-169x300.jpg 169w, https:\/\/periodismobahia.com.ar\/viento-sur\/wp-content\/uploads\/2015\/11\/matias3.jpg 1456w\" sizes=\"(max-width: 575px) 100vw, 575px\" \/><\/a>\n\t\t\t<\/div>\n\t\t\t\t<figcaption class='wp-caption-text gallery-caption' id='gallery-5-407'>\n\t\t\t\tLos trabajos podr\u00edan estar listos antes de las fiestas. Foto de archivo.\n\t\t\t\t<\/figcaption><\/figure>\n\t\t<\/div>\n\n","protected":false},"excerpt":{"rendered":"<p>Es un espacio de difusi\u00f3n de im\u00e1genes captadas por alumnos de tercer a\u00f1o de Periodismo, organizados en la asignatura a cargo del profesor y fot\u00f3grafo profesional Rodrigo Garc\u00eda.<\/p>\n","protected":false},"author":1,"featured_media":0,"comment_status":"closed","ping_status":"open","sticky":false,"template":"","format":"standard","meta":{"footnotes":""},"categories":[97],"tags":[],"_links":{"self":[{"href":"https:\/\/periodismobahia.com.ar\/viento-sur\/index.php?rest_route=\/wp\/v2\/posts\/388"}],"collection":[{"href":"https:\/\/periodismobahia.com.ar\/viento-sur\/index.php?rest_route=\/wp\/v2\/posts"}],"about":[{"href":"https:\/\/periodismobahia.com.ar\/viento-sur\/index.php?rest_route=\/wp\/v2\/types\/post"}],"author":[{"embeddable":true,"href":"https:\/\/periodismobahia.com.ar\/viento-sur\/index.php?rest_route=\/wp\/v2\/users\/1"}],"replies":[{"embeddable":true,"href":"https:\/\/periodismobahia.com.ar\/viento-sur\/index.php?rest_route=%2Fwp%2Fv2%2Fcomments&post=388"}],"version-history":[{"count":6,"href":"https:\/\/periodismobahia.com.ar\/viento-sur\/index.php?rest_route=\/wp\/v2\/posts\/388\/revisions"}],"predecessor-version":[{"id":409,"href":"https:\/\/periodismobahia.com.ar\/viento-sur\/index.php?rest_route=\/wp\/v2\/posts\/388\/revisions\/409"}],"wp:attachment":[{"href":"https:\/\/periodismobahia.com.ar\/viento-sur\/index.php?rest_route=%2Fwp%2Fv2%2Fmedia&parent=388"}],"wp:term":[{"taxonomy":"category","embeddable":true,"href":"https:\/\/periodismobahia.com.ar\/viento-sur\/index.php?rest_route=%2Fwp%2Fv2%2Fcategories&post=388"},{"taxonomy":"post_tag","embeddable":true,"href":"https:\/\/periodismobahia.com.ar\/viento-sur\/index.php?rest_route=%2Fwp%2Fv2%2Ftags&post=388"}],"curies":[{"name":"wp","href":"https:\/\/api.w.org\/{rel}","templated":true}]}}