{"id":3709,"date":"2020-11-23T07:38:32","date_gmt":"2020-11-23T07:38:32","guid":{"rendered":"http:\/\/periodismobahia.com.ar\/viento-sur\/?p=3709"},"modified":"2024-05-01T14:31:12","modified_gmt":"2024-05-01T14:31:12","slug":"herramientas-para-la-practica-periodistica","status":"publish","type":"post","link":"https:\/\/periodismobahia.com.ar\/viento-sur\/?p=3709","title":{"rendered":"Herramientas para la pr\u00e1ctica period\u00edstica"},"content":{"rendered":"\n<p class=\"has-drop-cap\">A lo largo de toda la carrera de periodismo y, m\u00e1s espec\u00edficamente, en la materia Pr\u00e1ctica Profesionalizante Viento Sur el profesor Facundo Urruti brind\u00f3 la teor\u00eda de base que luego tendremos que adquirir para poder enfrentar distintos desaf\u00edos que se nos presentar\u00e1n. <\/p>\n\n\n\n<div style=\"height:20px\" aria-hidden=\"true\" class=\"wp-block-spacer\"><\/div>\n\n\n\n<pre class=\"wp-block-code\"><code>Escrito y publicado por: Aldana Magal\u00ed Rojas. <\/code><\/pre>\n\n\n\n<div style=\"height:20px\" aria-hidden=\"true\" class=\"wp-block-spacer\"><\/div>\n\n\n\n<!--more-->\n\n\n\n<div style=\"height:20px\" aria-hidden=\"true\" class=\"wp-block-spacer\"><\/div>\n\n\n\n<h2 class=\"wp-block-heading\">Periodismo digital<\/h2>\n\n\n\n<div style=\"height:20px\" aria-hidden=\"true\" class=\"wp-block-spacer\"><\/div>\n\n\n\n<p>Es la rama que ha evolucionado en la era digital y que emplea el ciberespacio para investigar y producir sus contenidos. Utiliza Internet como entorno principal para investigar, producir y difundir contenidos period\u00edsticos. La prensa digital se distingue de los blogs, las redes sociales y otras formas de comunicaci\u00f3n disponibles y suele ocupar espacio en p\u00e1ginas web legitimadas como periodismo fiable. \u200c \u200c<\/p>\n\n\n\n<div style=\"height:20px\" aria-hidden=\"true\" class=\"wp-block-spacer\"><\/div>\n\n\n\n<h4 class=\"wp-block-heading\">Ejemplos: <\/h4>\n\n\n\n<div style=\"height:20px\" aria-hidden=\"true\" class=\"wp-block-spacer\"><\/div>\n\n\n\n<p><a href=\"https:\/\/www.facebook.com\/APEPEBAHIA\">https:\/\/www.facebook.com\/APEPEBAHIA<\/a><\/p>\n\n\n\n<p><a href=\"https:\/\/www.instagram.com\/wipsdigital\/\">https:\/\/www.instagram.com\/wipsdigital\/<\/a><\/p>\n\n\n\n<figure class=\"wp-block-embed is-type-rich is-provider-twitter wp-block-embed-twitter\"><div class=\"wp-block-embed__wrapper\">\n<blockquote class=\"twitter-tweet\" data-width=\"550\" data-dnt=\"true\"><p lang=\"es\" dir=\"ltr\">De esto &quot;habla&quot; el pliego en el punto 18 sobre los gases, el venteo y las chimeneas del relleno sanitario. <a href=\"https:\/\/twitter.com\/FrenteaCano?ref_src=twsrc%5Etfw\">@frenteacano<\/a> <a href=\"https:\/\/twitter.com\/radioaltos?ref_src=twsrc%5Etfw\">@radioaltos<\/a> <a href=\"https:\/\/t.co\/aJnlre8HNQ\">pic.twitter.com\/aJnlre8HNQ<\/a><\/p>&mdash; luis alberto cano (@canoaltos) <a href=\"https:\/\/twitter.com\/canoaltos\/status\/1329448930573225987?ref_src=twsrc%5Etfw\">November 19, 2020<\/a><\/blockquote><script async src=\"https:\/\/platform.twitter.com\/widgets.js\" charset=\"utf-8\"><\/script>\n<\/div><\/figure>\n\n\n\n<div style=\"height:20px\" aria-hidden=\"true\" class=\"wp-block-spacer\"><\/div>\n\n\n\n<h4 class=\"wp-block-heading\">Caracter\u00edsticas:<\/h4>\n\n\n\n<div style=\"height:20px\" aria-hidden=\"true\" class=\"wp-block-spacer\"><\/div>\n\n\n\n<h6 class=\"wp-block-heading\"><em>Multimedialidad:<\/em><\/h6>\n\n\n\n<p>Es el aprovechamiento de los diversos formatos de informaci\u00f3n disponibles en la red: el texto escrito, el v\u00eddeo, el audio, las infograf\u00edas y gr\u00e1ficas, todo convive en un mismo soporte l\u00edquido, adaptado a las necesidades. As\u00ed, una noticia puede presentarse como la conjugaci\u00f3n de texto, audio, im\u00e1genes fijas y segmentos audiovisuales, lo cual forma, a su vez una nueva manera de leer. \u200c<\/p>\n\n\n\n<div style=\"height:20px\" aria-hidden=\"true\" class=\"wp-block-spacer\"><\/div>\n\n\n\n<h6 class=\"wp-block-heading\"><em>Hipertextualidad:<\/em><\/h6>\n\n\n\n<p>Es la posibilidad de saltar de un texto a otro, armando un tejido\nde relaciones y de lecturas que se complementan rec\u00edprocamente. Una noticia\npuede contener v\u00ednculos con otras noticias anteriores, necesarias para entender\nel contexto, as\u00ed como a mapas de la regi\u00f3n, fotograf\u00edas pertinentes o\nexplicaciones colaterales, con lo que podr\u00e1 saltar de un sitio a otro en la\nmedida en que necesite m\u00e1s informaci\u00f3n. \u200c<\/p>\n\n\n\n<div style=\"height:20px\" aria-hidden=\"true\" class=\"wp-block-spacer\"><\/div>\n\n\n\n<h6 class=\"wp-block-heading\"><em>Interactividad:<\/em><\/h6>\n\n\n\n<p>El cibernauta elige qu\u00e9 noticias ver y no, elige qu\u00e9 v\u00eddeos reproducir y hasta cu\u00e1ndo y administra su tiempo de exposici\u00f3n a la noticia como quiera. Adem\u00e1s, en muchos casos es capaz de replicar la noticia o de exponer su opini\u00f3n en el apartado de comentarios de los lectores. \u200c<\/p>\n\n\n\n<div style=\"height:20px\" aria-hidden=\"true\" class=\"wp-block-spacer\"><\/div>\n\n\n\n<h4 class=\"wp-block-heading\">Conocimientos t\u00e9cnicos que debe poseer un periodista digital:<\/h4>\n\n\n\n<div style=\"height:20px\" aria-hidden=\"true\" class=\"wp-block-spacer\"><\/div>\n\n\n\n<ul>\n<li>Conocimiento de las herramientas 2.0 para la gesti\u00f3n de sitios web din\u00e1micos y de redes sociales.<\/li>\n\n\n\n<li>Capacidad para recuperar informaci\u00f3n de distintos medios, no solo escritos, y para desarrollarlos a su vez en distintos formatos escritos y visuales.<\/li>\n\n\n\n<li> Manejo m\u00ednimo de la fotograf\u00eda y v\u00eddeo -su edici\u00f3n digital-. <\/li>\n<\/ul>\n\n\n\n<div style=\"height:20px\" aria-hidden=\"true\" class=\"wp-block-spacer\"><\/div>\n\n\n\n<hr class=\"wp-block-separator has-css-opacity\"\/>\n\n\n\n<h2 class=\"wp-block-heading\">Origen de Internet <\/h2>\n\n\n\n<div style=\"height:20px\" aria-hidden=\"true\" class=\"wp-block-spacer\"><\/div>\n\n\n\n<p>Internet es una herramienta de emisi\u00f3n mundial, un mecanismo para diseminar datos y un medio para la colaboraci\u00f3n y la interacci\u00f3n entre personas y sus ordenadores, sin tener en cuenta su ubicaci\u00f3n geogr\u00e1fica. Representa uno de los ejemplos m\u00e1s exitosos de los beneficios de una inversi\u00f3n y un compromiso en el campo de la investigaci\u00f3n y el desarrollo de la infraestructura de la informaci\u00f3n. <br><\/p>\n\n\n\n<div style=\"height:20px\" aria-hidden=\"true\" class=\"wp-block-spacer\"><\/div>\n\n\n\n<h4 class=\"wp-block-heading\">Su surgimiento desde cuatro aspectos:<\/h4>\n\n\n\n<ol>\n<li><em>La evoluci\u00f3n de la tecnolog\u00eda <\/em>que empez\u00f3 con las primeras investigaciones sobre conmutaci\u00f3n de paquetes y ARPANET. Actualmente, \u00e9stas contin\u00faan ampliando el horizonte de la infraestructura junto con varias dimensiones, como la escala, el rendimiento y las funcionalidades de nivel superior. <\/li>\n\n\n\n<li><em>El aspecto de operaciones y gesti\u00f3n<\/em> de una infraestructura operativa y global compleja. <\/li>\n\n\n\n<li><em>Aspecto social<\/em> que dio como resultado una amplia comunidad de internautas trabajando juntos para crear y desarrollar la tecnolog\u00eda. <\/li>\n\n\n\n<li><em>Aspecto de comercializaci\u00f3n<\/em>, el cual desemboc\u00f3 en una transici\u00f3n extremadamente eficaz de los resultados de investigaciones de informaciones implementadas y disponibles. <\/li>\n<\/ol>\n\n\n\n<figure class=\"wp-block-embed is-type-rich is-provider-issuu wp-block-embed-issuu\"><div class=\"wp-block-embed__wrapper\">\n<div data-url=\"https:\/\/issuu.com\/milena331\/docs\/resumen_origen_de_internet\" style=\"width: 640px; height: 452px;\" class=\"issuuembed\"><\/div><script type=\"text\/javascript\" src=\"\/\/e.issuu.com\/embed.js\" async=\"true\"><\/script>\n<\/div><figcaption class=\"wp-element-caption\">Resumen origen de Internet. <\/figcaption><\/figure>\n\n\n\n<div style=\"height:20px\" aria-hidden=\"true\" class=\"wp-block-spacer\"><\/div>\n\n\n\n<h4 class=\"wp-block-heading\">La primera conexi\u00f3n entre dos computadoras:<\/h4>\n\n\n\n<p>En 1967 ARPA contrata a Lawrence Roberts, investigador que se hab\u00eda hecho famoso en el 65&#8242; por conectar una en Massachusetts con otra en California. Roberts prob\u00f3 que estos equipos pod\u00edan trabajar juntos, pero la transmisi\u00f3n de datos no era posible, ya que la conexi\u00f3n insum\u00eda de demasiados recursos. A partir de esto, Wesley Clark -compa\u00f1ero de Robert- propone m\u00e1quinas independientes que funcionaran como interfaces o nodos, que no est\u00e9n al alcance de un ataque. Surge una comunicaci\u00f3n estrat\u00e9gica en red, es decir, militar y econ\u00f3mica. <br> En 1969, finalmente se puso en pr\u00e1ctica esa idea basada en nodos, llamados procesadores de mensajes de interfaz. Por primera vez, ARPANET, estableci\u00f3 la conexi\u00f3n entre dos computadoras, ambas en Universidades: una en la de Stanford y la otra en la de Ucla. El mensaje para transmitir fue LOGIN, que significa acceder. El sistema colaps\u00f3 luego de la segunda letra, pero la revoluci\u00f3n de las redes hab\u00eda comenzado. <\/p>\n\n\n\n<div style=\"height:20px\" aria-hidden=\"true\" class=\"wp-block-spacer\"><\/div>\n\n\n\n<h4 class=\"wp-block-heading\">C\u00f3mo dej\u00f3 de ser de uso militar y econ\u00f3mico: <\/h4>\n\n\n\n<p>El crecimiento del ahora llamado DARPANET, fue cedido a la Agencia de Comunicaciones de Defensa. La funci\u00f3n de Ciencias de los Estados Unidos comienza a desarrollar nuevas redes que ofrecieron correos electr\u00f3nicos y noticias a instituciones acad\u00e9micas que no hayan podido tener acceso. Esto se consolida a comienzos de 1980, con un nuevo desarrollo que iba a impactar cultural y socialmente. La PC se instal\u00f3 as\u00ed en el hogar y en el trabajo, con nuevas operaciones, sistemas operativos f\u00e1ciles de usar y una importante reducci\u00f3n en los precios, y as\u00ed es como pas\u00f3 a formar parte de nuestra vida cotidiana. <br>Con \u00e9sta m\u00e1quina y un m\u00f3dem cualquier persona ya pod\u00eda acceder a las noticias. Surgieron boletines de anuncios que permit\u00edan descargar Software, enviar mensajes a otros usuarios o disfrutar de juegos. <\/p>\n\n\n\n<div style=\"height:20px\" aria-hidden=\"true\" class=\"wp-block-spacer\"><\/div>\n\n\n\n<blockquote class=\"wp-block-quote is-layout-flow wp-block-quote-is-layout-flow\">\n<p>\u00abInternet es una idea trascendental. Es un conjunto de protocolos que ha cambiado todo, desde compras, citas en l\u00ednea, o revoluciones.\u00bb<\/p>\n<cite>Andrew Blum. Charla TED: \u00bfQu\u00e9 es Internet realmente?\u00bb<\/cite><\/blockquote>\n\n\n\n<figure class=\"wp-block-embed is-type-video is-provider-youtube wp-block-embed-youtube wp-embed-aspect-16-9 wp-has-aspect-ratio\"><div class=\"wp-block-embed__wrapper\">\n<iframe loading=\"lazy\" title=\"Andrew Blum: What is the Internet, really?\" width=\"640\" height=\"360\" src=\"https:\/\/www.youtube.com\/embed\/XE_FPEFpHt4?feature=oembed\" frameborder=\"0\" allow=\"accelerometer; autoplay; clipboard-write; encrypted-media; gyroscope; picture-in-picture; web-share\" referrerpolicy=\"strict-origin-when-cross-origin\" allowfullscreen><\/iframe>\n<\/div><figcaption class=\"wp-element-caption\">Charla TED completa.<\/figcaption><\/figure>\n\n\n\n<div style=\"height:20px\" aria-hidden=\"true\" class=\"wp-block-spacer\"><\/div>\n\n\n\n<hr class=\"wp-block-separator has-css-opacity\"\/>\n\n\n\n<h2 class=\"wp-block-heading\"><strong>World Wide Web <\/strong><\/h2>\n\n\n\n<p>Es un sistema de distribuci\u00f3n de informaci\u00f3n basado en hipertextos y portador de una nueva comunidad, creado por Tim Bernerss Lee y Robert Cailliau. A partir de los 80&#8242; Bernerss Lee comenz\u00f3 a trabajar en eso. A fines de 1991 este hombre ya contaba con el primer navegador y servidor web. <\/p>\n\n\n\n<div style=\"height:20px\" aria-hidden=\"true\" class=\"wp-block-spacer\"><\/div>\n\n\n\n<h4 class=\"wp-block-heading\">Direcci\u00f3n IP: <\/h4>\n\n\n\n<p>Es una direcci\u00f3n num\u00e9rica asignada a uno de los dispositivos conectados a Internet. Puede servir para identificar a una organizaci\u00f3n o a un particular que se conecta con uno o m\u00e1s dispositivos, a no ser que sean redes de empresa, conexiones inal\u00e1mbricas p\u00fablicas y conexiones m\u00f3viles, en ese caso no siempre puede lograr saber qu\u00e9 persona est\u00e1 llevando a cabo una acci\u00f3n rastreable electr\u00f3nicamente.&nbsp; <\/p>\n\n\n\n<div style=\"height:20px\" aria-hidden=\"true\" class=\"wp-block-spacer\"><\/div>\n\n\n\n<h4 class=\"wp-block-heading\">Datos cifrados: <\/h4>\n\n\n\n<p>El desarrollo de la criptograf\u00eda se dispar\u00f3 en el siglo XX con los avances de las tecnolog\u00edas inform\u00e1ticas. Los ordenadores multiplicaban la velocidad con la que se pod\u00edan cifrar los mensajes electr\u00f3nicos. No son infalibles, no garantizan total confidencialidad. Una t\u00e9cnica para evitarlo, ser\u00eda capturar el mensaje antes de que sea cifrado.&nbsp; <br><\/p>\n\n\n\n<div style=\"height:20px\" aria-hidden=\"true\" class=\"wp-block-spacer\"><\/div>\n\n\n\n<h6 class=\"wp-block-heading\"><em>EL caso con la plataforma Zoom:<\/em> <\/h6>\n\n\n\n<p>Recordemos los problemas de seguridad con la plataforma. Asegura tener un cifrado de extremo a extremo y que la informaci\u00f3n que se transmite solamente puede ser descifrada por el emisor y el receptor. Esto significa que nadie m\u00e1s tiene la llave que permite conocer el contenido de los datos que son transmitidos, pero agencias gubernamentales de inteligencia pueden solicitar de forma legal acceso a esos datos, y si estas compa\u00f1\u00edas tienen acceso a la informaci\u00f3n, un atacante que lograse acceder a los servidores potencialmente tambi\u00e9n lo tendr\u00eda y de hecho, hubo problemas con el acceso de ajenos o toma de datos as\u00ed que se podr\u00eda decir que eso existe.  <\/p>\n\n\n\n<blockquote class=\"wp-block-quote is-layout-flow wp-block-quote-is-layout-flow\">\n<p> \u00abQueremos trabajar con el FBI y las fuerzas de seguridad locales en caso de que alguna gente use Zoom un mal prop\u00f3sito\u00bb.<\/p>\n<cite> Eric Yuan,  fundador y CEO de Zoom. <\/cite><\/blockquote>\n\n\n\n<figure class=\"wp-block-embed is-type-rich is-provider-twitter wp-block-embed-twitter\"><div class=\"wp-block-embed__wrapper\">\n<blockquote class=\"twitter-tweet\" data-width=\"550\" data-dnt=\"true\"><p lang=\"en\" dir=\"ltr\">Increase privacy and security in your meetings by enabling our end-to-end encryption (E2EE) feature. \ud83d\udd12 Now available to users globally, free and paid. <a href=\"https:\/\/twitter.com\/hashtag\/ZoomProTip?src=hash&amp;ref_src=twsrc%5Etfw\">#ZoomProTip<\/a> <a href=\"https:\/\/t.co\/LsNXnoU7g2\">pic.twitter.com\/LsNXnoU7g2<\/a><\/p>&mdash; Zoom (@Zoom) <a href=\"https:\/\/twitter.com\/Zoom\/status\/1328835220720631809?ref_src=twsrc%5Etfw\">November 17, 2020<\/a><\/blockquote><script async src=\"https:\/\/platform.twitter.com\/widgets.js\" charset=\"utf-8\"><\/script>\n<\/div><figcaption class=\"wp-element-caption\">Zoom desde su cuenta oficial de Twitter. \u00abAumente la privacidad y la seguridad en sus reuniones habilitando nuestra funci\u00f3n de cifrado de extremo a extremo (E2EE). Ahora disponible para usuarios de todo el mundo, gratis y de pago #ZoomProTip\u00bb.<\/figcaption><\/figure>\n\n\n\n<div style=\"height:20px\" aria-hidden=\"true\" class=\"wp-block-spacer\"><\/div>\n\n\n\n<h4 class=\"wp-block-heading\">HTTP (HyperText Transfer Protocol): <\/h4>\n\n\n\n<p>Es un protocolo de comunicaci\u00f3n que permite descargar documentos de hipertexto y llevar a cabo las transferencias de informaci\u00f3n con su servidor web.  <\/p>\n\n\n\n<div style=\"height:20px\" aria-hidden=\"true\" class=\"wp-block-spacer\"><\/div>\n\n\n\n<h4 class=\"wp-block-heading\"> HMLT (HyperText Markup Language):<\/h4>\n\n\n\n<p>Las p\u00e1ginas web est\u00e1n escritas en este lenguaje. Las reglas las define el World Wide Web Consortium y tambi\u00e9n, especifica marcadores que indican la tipograf\u00eda y el estilo del texto. Los marcadores se implementan utilizando \u201cetiquetas\u201d escritas de esta manera: &lt;etiqueta&gt;. Por ejemplo, la \u201cnegrita\u201d es la etiqueta &lt;b&gt; o &lt;strong&gt;. <\/p>\n\n\n\n<div style=\"height:20px\" aria-hidden=\"true\" class=\"wp-block-spacer\"><\/div>\n\n\n\n<h6 class=\"wp-block-heading\"><em>Ventajas:<\/em><\/h6>\n\n\n\n<p>Est\u00e1 en desarrollo permanentemente y abierto a la participaci\u00f3n, y una vez definidos los est\u00e1ndares es gratuito. Estas dos caracter\u00edsticas garantizan que las p\u00e1ginas sean compatibles con todo tipo de dispositivo con el que se quiera acceder. Por otra parte, las instrucciones son f\u00e1ciles de entender para todos los sistemas inform\u00e1ticos por igual, esto hace que todos y todas puedan utilizarlo.<\/p>\n\n\n\n<div style=\"height:20px\" aria-hidden=\"true\" class=\"wp-block-spacer\"><\/div>\n\n\n\n<h4 class=\"wp-block-heading\">P2P o Peer-to-Peer: <\/h4>\n\n\n\n<p>Estas aplicaciones est\u00e1n compuestas por dispositivos que participan en un tipo de comunicaci\u00f3n en igualdad de condiciones. Cada uno puede comunicarse con otros y no hay diferencia entre consumidores y productores, clientes y servidores, etc. Simplemente son muchos dispositivos, comunic\u00e1ndose con muchos m\u00e1s. <br><\/p>\n\n\n\n<div style=\"height:20px\" aria-hidden=\"true\" class=\"wp-block-spacer\"><\/div>\n\n\n\n<h6 class=\"wp-block-heading\"><em>De ares a spotify: <\/em><\/h6>\n\n\n\n<p>La utiliz\u00e1bamos para descargar m\u00fasica en la computadora, pero un d\u00eda todo cambi\u00f3&#8230; Dejamos de hacerlo porque ahora lo escuchamos v\u00eda streaming, dado que la velocidad de internet actual nos los posibilita. Obviamente al escuchar en Spotify estamos descargando \u201ctemporalmente\u201d canciones, ya que se borran inmediatamente despu\u00e9s de su reproducci\u00f3n. Esto se relaciona con el concepto de Cloud Computing -los servicios se ejecutan dentro de la red en vez de en el dispositivo del usuario, y funciona como ordenador y almacenador-.<\/p>\n\n\n\n<div style=\"height:20px\" aria-hidden=\"true\" class=\"wp-block-spacer\"><\/div>\n\n\n\n<figure class=\"wp-block-embed is-type-rich is-provider-spotify wp-block-embed-spotify wp-embed-aspect-9-16 wp-has-aspect-ratio\"><div class=\"wp-block-embed__wrapper\">\n<iframe title=\"Spotify Embed: El Farolito (Ac\u00fastico)\" style=\"border-radius: 12px\" width=\"100%\" height=\"152\" frameborder=\"0\" allowfullscreen allow=\"autoplay; clipboard-write; encrypted-media; fullscreen; picture-in-picture\" loading=\"lazy\" src=\"https:\/\/open.spotify.com\/embed\/track\/1IC9QfsEQx2aVhsscCsbTE?utm_source=oembed\"><\/iframe>\n<\/div><figcaption class=\"wp-element-caption\">Canci\u00f3n de ejemplo.<\/figcaption><\/figure>\n\n\n\n<div style=\"height:20px\" aria-hidden=\"true\" class=\"wp-block-spacer\"><\/div>\n\n\n\n<hr class=\"wp-block-separator has-css-opacity\"\/>\n\n\n\n<h2 class=\"wp-block-heading\">Dominio y hosting<\/h2>\n\n\n\n<div style=\"height:20px\" aria-hidden=\"true\" class=\"wp-block-spacer\"><\/div>\n\n\n\n<h4 class=\"wp-block-heading\">Dominio web: <\/h4>\n\n\n\n<p>Es el equivalente a una direcci\u00f3n f\u00edsica. Es el nombre exclusivo que se le da a un sitio para que cualquiera pueda visitarlo en Internet. De la misma manera que un sat\u00e9lite necesita una direcci\u00f3n o un c\u00f3digo postal para dar direcciones, un navegador necesita un nombre de dominio para dirigir directamente a un sitio en la red. De no ser as\u00ed, las personas tendr\u00edan que recordar la direcci\u00f3n IP espec\u00edfica, y eso no va a suceder. <br>Se forma a partir de dos elementos: un dominio web y un servidor web. Es decir, se compone del nombre de la web + la extensi\u00f3n del dominio. Entonces, conociendo el dominio del sitio que queremos visitar, s\u00f3lo nos hace falta un sistema que se encargue de \u00abtraducirlo\u00bb en una IP que pueda entender el navegador web.<\/p>\n\n\n\n<div style=\"height:20px\" aria-hidden=\"true\" class=\"wp-block-spacer\"><\/div>\n\n\n\n<figure class=\"wp-block-image\"><img loading=\"lazy\" decoding=\"async\" width=\"700\" height=\"350\" src=\"http:\/\/periodismobahia.com.ar\/viento-sur\/wp-content\/uploads\/2020\/11\/el-dominio-es-la-cara-de-tu-negocio-en-internet.png\" alt=\"\" class=\"wp-image-3718\" srcset=\"https:\/\/periodismobahia.com.ar\/viento-sur\/wp-content\/uploads\/2020\/11\/el-dominio-es-la-cara-de-tu-negocio-en-internet.png 700w, https:\/\/periodismobahia.com.ar\/viento-sur\/wp-content\/uploads\/2020\/11\/el-dominio-es-la-cara-de-tu-negocio-en-internet-300x150.png 300w\" sizes=\"(max-width: 700px) 100vw, 700px\" \/><\/figure>\n\n\n\n<div style=\"height:20px\" aria-hidden=\"true\" class=\"wp-block-spacer\"><\/div>\n\n\n\n<h6 class=\"wp-block-heading\"><em>De segundo nivel:<\/em><\/h6>\n\n\n\n<p>Se encuentran justo debajo de uno de nivel superior. Por ejemplo, las empresas brit\u00e1nicas suelen usar .co.uk en lugar de .com, y es un ejemplo perfecto para esto. Otro puede ser .gov.uk, que a menudo es utilizado por instituciones gubernamentales y .ac.uk, que es utilizado por instituciones acad\u00e9micas y universidades.<\/p>\n\n\n\n<div style=\"height:20px\" aria-hidden=\"true\" class=\"wp-block-spacer\"><\/div>\n\n\n\n<h6 class=\"wp-block-heading\"><em>Subdominios:<\/em><\/h6>\n\n\n\n<p>No requieren que los desarrolladores web adquieran uno adicional para crear divisiones dentro, sino que pueden producir un sub que efectivamente apunte a un directorio espec\u00edfico. Esto puede ser muy \u00fatil para p\u00e1ginas de campa\u00f1as y otros tipos de contenidos en la red que deben mantenerse separados de la principal. Se utiliza para organizar diferentes secciones de una web y que funciona de manera independiente a la misma. <\/p>\n\n\n\n<div style=\"height:20px\" aria-hidden=\"true\" class=\"wp-block-spacer\"><\/div>\n\n\n\n<h4 class=\"wp-block-heading\">Hosting: <\/h4>\n\n\n\n<p>Servicio en l\u00ednea que permite publicar un sitio o aplicaci\u00f3n web en Internet. Cuando te registras en un servidor de hosting b\u00e1sicamente alquilas un espacio ah\u00ed, en el cual podes almacenar todos los datos y archivos para que funcione correctamente, es decir, es el uso que hacemos de todos o una gran parte de los recursos de un servidor en red.  <\/p>\n\n\n\n<div style=\"height:20px\" aria-hidden=\"true\" class=\"wp-block-spacer\"><\/div>\n\n\n\n<h4 class=\"wp-block-heading\">Servidor: <\/h4>\n\n\n\n<p>Es una computadora f\u00edsica que funciona ininterrumpidamente para que se mantenga disponible todo el tiempo para cualquier persona que desee verlo. Tiene una gran potencia, se encarga de \u201cprestar el servicio\u201d y transmitir la informaci\u00f3n pedida por las personas que acceden a \u00e9l. Por otra parte, su rol principal es almacenar y transmitir el contenido solicitado de un sitio web al navegador del usuario.  <\/p>\n\n\n\n<div style=\"height:20px\" aria-hidden=\"true\" class=\"wp-block-spacer\"><\/div>\n\n\n\n<h4 class=\"wp-block-heading\">Redireccionamiento: <\/h4>\n\n\n\n<p>Es similar a cuando una p\u00e1gina redirige a un visitante a otro sitio web. En este caso, te permite especificar que si alguien visit\u00f3 tu dominio, es reenviada autom\u00e1ticamente a otro y puede ser \u00fatil para campa\u00f1as y micrositios. <\/p>\n\n\n\n<div style=\"height:20px\" aria-hidden=\"true\" class=\"wp-block-spacer\"><\/div>\n\n\n\n<hr class=\"wp-block-separator has-css-opacity\"\/>\n\n\n\n<h2 class=\"wp-block-heading\">CMS<\/h2>\n\n\n\n<div style=\"height:20px\" aria-hidden=\"true\" class=\"wp-block-spacer\"><\/div>\n\n\n\n<p>Es un gestor de contenidos es un software que permite a diferentes p\u00fablicos, mediante una interfaz web -\u201cPanel de Administraci\u00f3n\u201d o \u201cDashboard- en la mayor parte de ocasiones y siguiendo un flujo de trabajo determinado, crear y editar contenidos y, posteriormente, publicarlos de una forma sencilla, accesible y automatizada.<\/p>\n\n\n\n<figure class=\"wp-block-gallery has-nested-images columns-default is-cropped wp-block-gallery-1 is-layout-flex wp-block-gallery-is-layout-flex\">\n<figure class=\"wp-block-image\"><img loading=\"lazy\" decoding=\"async\" width=\"1024\" height=\"512\" data-id=\"3724\" src=\"https:\/\/periodismobahia.com.ar\/viento-sur\/wp-content\/uploads\/2020\/11\/sistema-de-gesti\u00f3n-de-contenido-1-1024x512.png\" alt=\"\" class=\"wp-image-3724\" srcset=\"https:\/\/periodismobahia.com.ar\/viento-sur\/wp-content\/uploads\/2020\/11\/sistema-de-gesti\u00f3n-de-contenido-1.png 1024w, https:\/\/periodismobahia.com.ar\/viento-sur\/wp-content\/uploads\/2020\/11\/sistema-de-gesti\u00f3n-de-contenido-1-300x150.png 300w, https:\/\/periodismobahia.com.ar\/viento-sur\/wp-content\/uploads\/2020\/11\/sistema-de-gesti\u00f3n-de-contenido-1-768x384.png 768w\" sizes=\"(max-width: 1024px) 100vw, 1024px\" \/><\/figure>\n<\/figure>\n\n\n\n<div style=\"height:20px\" aria-hidden=\"true\" class=\"wp-block-spacer\"><\/div>\n\n\n\n<h4 class=\"wp-block-heading\">Caracter\u00edsticas: <\/h4>\n\n\n\n<ul>\n<li> Software que cuenta con una interfaz -generalmente web- espec\u00edfico, no solo para introducir el contenido -editor web-, sino para gestionar el propio CMS.\u00a0  <\/li>\n\n\n\n<li> Permiten gestionar, actualizar y publicar contenido sin necesidad de conocimientos t\u00e9cnicos, ni de dise\u00f1o, gracias a una interfaz sencilla, visual y buenos niveles de usabilidad. Estos permisos quiz\u00e1s se lean como: \u201cA\/B\/M\u201d, que significa \u201cAlta\u201d -crear-, \u201cBaja\u201d -eliminar- y \u201cModificaci\u00f3n\u201d -editar-. <\/li>\n\n\n\n<li>El contenido debe ser almacenado, no necesariamente en una base de datos ni en el mismo sitio en el que se encuentre el CMS, y estar accesible en todo momento, es decir, perdura.<\/li>\n\n\n\n<li>Debe contar con un sistema de roles y permisos, aunque sea m\u00ednimo y solo destinado a acceder al sistema y no permitir que nadie autorizado acceda.<\/li>\n\n\n\n<li>Tiene que tener un flujo determinado de trabajo y de tratamiento de la informaci\u00f3n, para poder pasar por varios estados desde que se inicia hasta que se publica. <\/li>\n\n\n\n<li> Mantiene la posibilidad de la organizaci\u00f3n y estructura del tema con alg\u00fan sistema de jerarquizaci\u00f3n a la hora de presentar la informaci\u00f3n basado en taxonom\u00edas.<\/li>\n<\/ul>\n\n\n\n<div style=\"height:20px\" aria-hidden=\"true\" class=\"wp-block-spacer\"><\/div>\n\n\n\n<div class=\"wp-block-columns has-2-columns is-layout-flex wp-container-core-columns-is-layout-1 wp-block-columns-is-layout-flex\">\n<div class=\"wp-block-column is-layout-flow wp-block-column-is-layout-flow\">\n<p><strong>Ventajas:<\/strong> <br>-Drupal o WordPress se puedan adaptar a casi cualquier finalidad. <br>-Php funciona en la mayor\u00eda de servidores, tiene buena comunidad, es f\u00e1cil comenzar a aprenderlo, sirve para pr\u00e1cticamente todo y posee buenos frameworks.<br>-Se puede contar un con proveedor con experiencia, con un CMS ya rodado, con funcionalidades ya hechas. Esto reduce los tiempos y costes con respecto al desarrollo de uno propio.<br>-C\u00f3digo abierto con licencia GPL, Bajo o nulo coste de entrada, CMS muy avanzados en los que colabora una gran comunidad y constantes evoluciones.<\/p>\n<\/div>\n\n\n\n<div class=\"wp-block-column is-layout-flow wp-block-column-is-layout-flow\">\n<p><strong>Desventajas: <\/strong><br>-Muchos de los gestores de contenidos tienen plugins y extensiones.<br>-No tienen editor de bloques Gutenberg.<br>-Poca flexibilidad, adaptaci\u00f3n del proyecto al CMS existente, coste de entrada y\/o mantenimiento y dependencia del proveedor.<br>-Falta de compatibilidad que a veces impide actualizar, menor grado de seguridad y poca adaptaci\u00f3n al proyecto concreto.<\/p>\n<\/div>\n<\/div>\n\n\n\n<div style=\"height:20px\" aria-hidden=\"true\" class=\"wp-block-spacer\"><\/div>\n\n\n\n<hr class=\"wp-block-separator has-css-opacity\"\/>\n\n\n\n<h2 class=\"wp-block-heading\">WordPress<\/h2>\n\n\n\n<div style=\"height:20px\" aria-hidden=\"true\" class=\"wp-block-spacer\"><\/div>\n\n\n\n<p>Nace con el objetivo de facilitar que cualquier persona pudiera crear, publicar y compartir contenidos en la web, sin que tuviera que tener conocimientos.<\/p>\n\n\n\n<div style=\"height:20px\" aria-hidden=\"true\" class=\"wp-block-spacer\"><\/div>\n\n\n\n<figure class=\"wp-block-embed is-type-rich is-provider-slideshare wp-block-embed-slideshare wp-embed-aspect-1-1 wp-has-aspect-ratio\"><div class=\"wp-block-embed__wrapper\">\n<iframe loading=\"lazy\" title=\"WordPress\" src=\"https:\/\/www.slideshare.net\/slideshow\/embed_code\/key\/7Edw8jpRUkFrLT\" width=\"427\" height=\"356\" frameborder=\"0\" marginwidth=\"0\" marginheight=\"0\" scrolling=\"no\" style=\"border:1px solid #CCC; border-width:1px; margin-bottom:5px; max-width: 100%;\" allowfullscreen> <\/iframe> <div style=\"margin-bottom:5px\"> <strong> <a href=\"https:\/\/es.slideshare.net\/ElkinJimnez\/wordpress-60039805\" title=\"WordPress\" target=\"_blank\">WordPress<\/a> <\/strong> from <strong><a href=\"https:\/\/www.slideshare.net\/ElkinJimnez\" target=\"_blank\">Elkin Omar Jimenez<\/a><\/strong> <\/div>\n<\/div><figcaption class=\"wp-element-caption\">Informaci\u00f3n de WordPress.<\/figcaption><\/figure>\n\n\n\n<div style=\"height:20px\" aria-hidden=\"true\" class=\"wp-block-spacer\"><\/div>\n\n\n\n<h4 class=\"wp-block-heading\">\u00bfC\u00f3mo hacer para utilizarlo?<\/h4>\n\n\n\n<figure class=\"wp-block-embed is-type-video is-provider-youtube wp-block-embed-youtube wp-embed-aspect-16-9 wp-has-aspect-ratio\"><div class=\"wp-block-embed__wrapper\">\n<iframe loading=\"lazy\" title=\"Tutorial WORDPRESS 2023 desde CERO (Parte 01)\" width=\"640\" height=\"360\" src=\"https:\/\/www.youtube.com\/embed\/le8G-10DCtg?feature=oembed\" frameborder=\"0\" allow=\"accelerometer; autoplay; clipboard-write; encrypted-media; gyroscope; picture-in-picture; web-share\" referrerpolicy=\"strict-origin-when-cross-origin\" allowfullscreen><\/iframe>\n<\/div><figcaption class=\"wp-element-caption\">Entrando al canal de Matias Porta hay una segunda parte. <\/figcaption><\/figure>\n\n\n\n<div style=\"height:20px\" aria-hidden=\"true\" class=\"wp-block-spacer\"><\/div>\n\n\n\n<hr class=\"wp-block-separator has-css-opacity\"\/>\n\n\n\n<h2 class=\"wp-block-heading\">Gutenberg<\/h2>\n\n\n\n<div style=\"height:100px\" aria-hidden=\"true\" class=\"wp-block-spacer\"><\/div>\n\n\n\n<p>A finales del a\u00f1o 2018 WordPress lanz\u00f3 la que fue su mayor actualizaci\u00f3n en mucho tiempo, es decir, ven\u00eda incluido un nuevo editor llamado Gutenberg, que ven\u00eda a sustituir al editor cl\u00e1sico de toda la vida, en el que toda la informaci\u00f3n hab\u00eda que insertarla con texto o con c\u00f3digo HTML. Este, est\u00e1 basado en bloques y permite componer entradas y p\u00e1ginas de manera modular. Permite insertar diferentes objetos de manera independiente.<\/p>\n\n\n\n<figure class=\"wp-block-image is-resized\"><img loading=\"lazy\" decoding=\"async\" width=\"311\" height=\"162\" src=\"http:\/\/periodismobahia.com.ar\/viento-sur\/wp-content\/uploads\/2020\/11\/descarga-3.jpg\" alt=\"\" class=\"wp-image-3713\" style=\"width:470px;height:245px\" srcset=\"https:\/\/periodismobahia.com.ar\/viento-sur\/wp-content\/uploads\/2020\/11\/descarga-3.jpg 311w, https:\/\/periodismobahia.com.ar\/viento-sur\/wp-content\/uploads\/2020\/11\/descarga-3-300x156.jpg 300w\" sizes=\"(max-width: 311px) 100vw, 311px\" \/><figcaption class=\"wp-element-caption\">Meme de Johaness Gutenberg, luego de la incre\u00edble actualizaci\u00f3n. <\/figcaption><\/figure>\n\n\n\n<figure class=\"wp-block-gallery has-nested-images columns-default is-cropped wp-block-gallery-2 is-layout-flex wp-block-gallery-is-layout-flex\">\n<figure class=\"wp-block-image\"><img loading=\"lazy\" decoding=\"async\" width=\"815\" height=\"853\" data-id=\"3714\" src=\"https:\/\/periodismobahia.com.ar\/viento-sur\/wp-content\/uploads\/2020\/11\/bloques-gutenberg.png\" alt=\"\" class=\"wp-image-3714\" srcset=\"https:\/\/periodismobahia.com.ar\/viento-sur\/wp-content\/uploads\/2020\/11\/bloques-gutenberg.png 815w, https:\/\/periodismobahia.com.ar\/viento-sur\/wp-content\/uploads\/2020\/11\/bloques-gutenberg-287x300.png 287w, https:\/\/periodismobahia.com.ar\/viento-sur\/wp-content\/uploads\/2020\/11\/bloques-gutenberg-768x804.png 768w\" sizes=\"(max-width: 815px) 100vw, 815px\" \/><\/figure>\n<\/figure>\n","protected":false},"excerpt":{"rendered":"<p>A lo largo de toda la carrera de periodismo y, m\u00e1s espec\u00edficamente, en la materia Pr\u00e1ctica Profesionalizante Viento Sur el profesor Facundo Urruti brind\u00f3 la teor\u00eda de base que luego tendremos que adquirir para poder enfrentar distintos desaf\u00edos que se nos presentar\u00e1n.<\/p>\n","protected":false},"author":3,"featured_media":4397,"comment_status":"closed","ping_status":"open","sticky":false,"template":"","format":"standard","meta":{"footnotes":""},"categories":[412],"tags":[467,465,466,463,469,9,320,468,464],"_links":{"self":[{"href":"https:\/\/periodismobahia.com.ar\/viento-sur\/index.php?rest_route=\/wp\/v2\/posts\/3709"}],"collection":[{"href":"https:\/\/periodismobahia.com.ar\/viento-sur\/index.php?rest_route=\/wp\/v2\/posts"}],"about":[{"href":"https:\/\/periodismobahia.com.ar\/viento-sur\/index.php?rest_route=\/wp\/v2\/types\/post"}],"author":[{"embeddable":true,"href":"https:\/\/periodismobahia.com.ar\/viento-sur\/index.php?rest_route=\/wp\/v2\/users\/3"}],"replies":[{"embeddable":true,"href":"https:\/\/periodismobahia.com.ar\/viento-sur\/index.php?rest_route=%2Fwp%2Fv2%2Fcomments&post=3709"}],"version-history":[{"count":4,"href":"https:\/\/periodismobahia.com.ar\/viento-sur\/index.php?rest_route=\/wp\/v2\/posts\/3709\/revisions"}],"predecessor-version":[{"id":4481,"href":"https:\/\/periodismobahia.com.ar\/viento-sur\/index.php?rest_route=\/wp\/v2\/posts\/3709\/revisions\/4481"}],"wp:featuredmedia":[{"embeddable":true,"href":"https:\/\/periodismobahia.com.ar\/viento-sur\/index.php?rest_route=\/wp\/v2\/media\/4397"}],"wp:attachment":[{"href":"https:\/\/periodismobahia.com.ar\/viento-sur\/index.php?rest_route=%2Fwp%2Fv2%2Fmedia&parent=3709"}],"wp:term":[{"taxonomy":"category","embeddable":true,"href":"https:\/\/periodismobahia.com.ar\/viento-sur\/index.php?rest_route=%2Fwp%2Fv2%2Fcategories&post=3709"},{"taxonomy":"post_tag","embeddable":true,"href":"https:\/\/periodismobahia.com.ar\/viento-sur\/index.php?rest_route=%2Fwp%2Fv2%2Ftags&post=3709"}],"curies":[{"name":"wp","href":"https:\/\/api.w.org\/{rel}","templated":true}]}}