{"id":3669,"date":"2020-11-09T21:27:36","date_gmt":"2020-11-09T21:27:36","guid":{"rendered":"http:\/\/periodismobahia.com.ar\/viento-sur\/?p=3669"},"modified":"2024-05-01T14:33:21","modified_gmt":"2024-05-01T14:33:21","slug":"turismo-rionegrino","status":"publish","type":"post","link":"https:\/\/periodismobahia.com.ar\/viento-sur\/?p=3669","title":{"rendered":"Turismo rionegrino"},"content":{"rendered":"\n<p>Los puntos m\u00e1s lindos para visitar de la provincia.<\/p>\n\n\n\n<pre class=\"wp-block-code\"><code>Escrito y publicado por: Agostina Cal\u00e1 Pino<\/code><\/pre>\n\n\n\n<!--more-->\n\n\n\n<p>R\u00edo Negro est\u00e1 ubicado al sur de Argentina, es parte de la regi\u00f3n patag\u00f3nica y limita con Chubut, Neuqu\u00e9n, La Pampa y un pedacito de Buenos Aires. Se destaca por la diversidad geogr\u00e1fica con la que cuenta. Podemos viajar hacia las playas, el valle, la estepa y la cordillera.<\/p>\n\n\n\n<p>La principal actividad econ\u00f3mica de varios puntos de la provincia como Las Grutas, Playas Doradas, El Bols\u00f3n, es el turismo. Y las consecuencias tras la pandemia mundial han sido grav\u00edsimas para estos lugares. Es por eso que la Ministra de Turismo, Cultura y Deporte, Martha V\u00e9lez (de la gesti\u00f3n de Arabela Carreras), puso en marcha un plan protocolar para reactivar el turismo.&nbsp;<br><\/p>\n\n\n\n<p>Sin embargo en este art\u00edculo nos enfocaremos en las actividades recreativas y en los sectores m\u00e1s hermosos para visitar de la provincia.&nbsp;<br><\/p>\n\n\n\n<div style=\"height:40px\" aria-hidden=\"true\" class=\"wp-block-spacer\"><\/div>\n\n\n\n<h4 class=\"wp-block-heading\">El mar<\/h4>\n\n\n\n<p>En la costa atl\u00e1ntica, los destinos tur\u00edsticos son: Viedma, San Antonio Oeste, Las Grutas, Puerto San Antonio Este, Sierra Grande, Playas Doradas. Presentan caracter\u00edsticas propias como playas solitarias, \u00e1reas naturales protegidas, ambientes pr\u00edstinos, altos acantilados y campos de dunas.<br><\/p>\n\n\n\n<p>El famoso \u201cCamino de La Costa\u201d, es un trayecto que une Viedma &#8211; Las Grutas y emprende el paso por varias villas mar\u00edtimas conocidas como El C\u00f3ndor, Punta Bermeja, Caleta de los Loros y Bah\u00eda San Antonio. Adem\u00e1s cuenta con una amplia oferta de servicios y el avistaje de lobos marinos, ballenas, delfines y diversas aves.&nbsp;<br><\/p>\n\n\n\n<div style=\"height:40px\" aria-hidden=\"true\" class=\"wp-block-spacer\"><\/div>\n\n\n\n<h4 class=\"wp-block-heading\">El valle<\/h4>\n\n\n\n<p>El gran valle del r\u00edo negro comprende tres grandes zonas: alto valle, valle medio y valle inferior. Algunos de sus centros urbanos son: Lamarque, Choele Choel, General Roca, Villa Regina, Catriel.<\/p>\n\n\n\n<p>El alto valle es la zona de producci\u00f3n frutihort\u00edcola por excelencia, que se puede recorrer circulando por la Ruta Nacional N\u00ba22. Tambi\u00e9n encontramos r\u00edos anchos y caudalosos, canales de riego y la producci\u00f3n de manzanas, peras y vinos de reconocimiento mundial. <\/p>\n\n\n\n<p>En el valle medio se encuentran las grandes bodegas y las bodegas artesanales, el agroturismo, la fe de los peregrinos por Ceferino Namuncur\u00e1 y el maravilloso recorrido de sitios paleontol\u00f3gicos. <br><\/p>\n\n\n\n<p>Es importante resaltar dos de las actividades m\u00e1s importantes que se realizan dentro de la provincia: la regata internacional del r\u00edo Negro y la fiesta nacional de la manzana.&nbsp;<\/p>\n\n\n\n<p>La regata internacional del r\u00edo Negro tiene un recorrido de 300km y es la m\u00e1s larga del mundo en su especialidad. Fue la competencia deportiva que dio origen a la pr\u00e1ctica del canotaje en el pa\u00eds.<\/p>\n\n\n\n<p>La Fiesta Nacional de la Manzana es un evento que se celebra durante el mes de febrero. Cuenta con un repertorio de artistas nacionales y regionales, el cl\u00e1sico concurso de embolsados y el peso de la manzana y los numerosos stands que muestran sus producciones o promocionan su actividad.<br><\/p>\n\n\n\n<div style=\"height:40px\" aria-hidden=\"true\" class=\"wp-block-spacer\"><\/div>\n\n\n\n<h4 class=\"wp-block-heading\">La estepa<\/h4>\n\n\n\n<p>Es la zona central de la provincia y se caracteriza por una vegetaci\u00f3n esteparia y un paisaje vasto, ondulado y suave, con mallines, lagunas y arroyos temporarios. Valcheta, Ramos Mexia, Maquinchao e Ingeniero Jacobacci son algunas de las localidades que integran la estepa.<br><\/p>\n\n\n\n<p>Tambi\u00e9n podemos encontrar las estaciones del Tren Patag\u00f3nico, siendo la localidad de Ingeniero Jacobacci, nodo del trazado ferroviario del sur. El tren recorre desde la Cordillera de los Andes hasta la orilla del mar, una traves\u00eda emocionante que relaja y conecta con lo m\u00e1s profundo de la naturaleza, desde Viedma hasta Bariloche.<br><\/p>\n\n\n\n<p>Por otro lado, la Meseta de Somuncura protege especies de flora y fauna aut\u00f3ctonas y tambi\u00e9n una serie de manantiales, cr\u00e1teres, cerros y cuevas as\u00ed como pinturas rupestres y un importante patrimonio paleontol\u00f3gico.<br><\/p>\n\n\n\n<div style=\"height:40px\" aria-hidden=\"true\" class=\"wp-block-spacer\"><\/div>\n\n\n\n<h4 class=\"wp-block-heading\">La cordillera<\/h4>\n\n\n\n<p>La regi\u00f3n cordillerana se encuentra entre San Carlos de Bariloche y El Bols\u00f3n, puntualmente sobre la Cordillera de los Andes. Est\u00e1 caracterizada por sus bosques milenarios, lagos glaciarios y r\u00edos impetuosos.<br><\/p>\n\n\n\n<p>A lo largo del a\u00f1o el paisaje se transforma: en verano la variedad de verdes cautiva y el encanto de la nieve domina el paisaje durante el invierno. El oto\u00f1o trae a los \u00e1rboles la calidez de los ocres y dorados mientras que durante la primavera todo florece en mil colores.<br><\/p>\n\n\n\n<p>En esta zona tenemos el parque nacional Nahuel Huapi que ocupa una extensa parte alrededor del lago donde se pueden realizar diferentes actividades recreativas y deportivas. Adem\u00e1s cuenta con variedad de servicios tur\u00edsticos y gastronom\u00eda regional a lo largo de todo el a\u00f1o. Los principales destinos tur\u00edsticos de la cordillera son: Dina Huapi, San Carlos de Bariloche, El manso y El Bols\u00f3n. <br><\/p>\n\n\n\n<div style=\"height:40px\" aria-hidden=\"true\" class=\"wp-block-spacer\"><\/div>\n\n\n\n<p>R\u00edo Negro es una provincia con un mill\u00f3n de lugares y tradiciones por conocer y descubrir. Podes buscar m\u00e1s informaci\u00f3n en <a href=\"https:\/\/www.rionegro.gov.ar\/index.php?catID=19\">https:\/\/www.rionegro.gov.ar\/index.php?catID=19<\/a><br><\/p>\n","protected":false},"excerpt":{"rendered":"<p>Los puntos m\u00e1s lindos para visitar de la provincia.<\/p>\n","protected":false},"author":3,"featured_media":4352,"comment_status":"closed","ping_status":"open","sticky":false,"template":"","format":"standard","meta":{"footnotes":""},"categories":[410,406,97,108],"tags":[74,136],"_links":{"self":[{"href":"https:\/\/periodismobahia.com.ar\/viento-sur\/index.php?rest_route=\/wp\/v2\/posts\/3669"}],"collection":[{"href":"https:\/\/periodismobahia.com.ar\/viento-sur\/index.php?rest_route=\/wp\/v2\/posts"}],"about":[{"href":"https:\/\/periodismobahia.com.ar\/viento-sur\/index.php?rest_route=\/wp\/v2\/types\/post"}],"author":[{"embeddable":true,"href":"https:\/\/periodismobahia.com.ar\/viento-sur\/index.php?rest_route=\/wp\/v2\/users\/3"}],"replies":[{"embeddable":true,"href":"https:\/\/periodismobahia.com.ar\/viento-sur\/index.php?rest_route=%2Fwp%2Fv2%2Fcomments&post=3669"}],"version-history":[{"count":7,"href":"https:\/\/periodismobahia.com.ar\/viento-sur\/index.php?rest_route=\/wp\/v2\/posts\/3669\/revisions"}],"predecessor-version":[{"id":4483,"href":"https:\/\/periodismobahia.com.ar\/viento-sur\/index.php?rest_route=\/wp\/v2\/posts\/3669\/revisions\/4483"}],"wp:featuredmedia":[{"embeddable":true,"href":"https:\/\/periodismobahia.com.ar\/viento-sur\/index.php?rest_route=\/wp\/v2\/media\/4352"}],"wp:attachment":[{"href":"https:\/\/periodismobahia.com.ar\/viento-sur\/index.php?rest_route=%2Fwp%2Fv2%2Fmedia&parent=3669"}],"wp:term":[{"taxonomy":"category","embeddable":true,"href":"https:\/\/periodismobahia.com.ar\/viento-sur\/index.php?rest_route=%2Fwp%2Fv2%2Fcategories&post=3669"},{"taxonomy":"post_tag","embeddable":true,"href":"https:\/\/periodismobahia.com.ar\/viento-sur\/index.php?rest_route=%2Fwp%2Fv2%2Ftags&post=3669"}],"curies":[{"name":"wp","href":"https:\/\/api.w.org\/{rel}","templated":true}]}}