{"id":3352,"date":"2020-06-11T14:13:07","date_gmt":"2020-06-11T14:13:07","guid":{"rendered":"http:\/\/periodismobahia.com.ar\/viento-sur\/?p=3352"},"modified":"2024-05-01T14:44:36","modified_gmt":"2024-05-01T14:44:36","slug":"los-jovenes-a-favor-de-la-cuarentena","status":"publish","type":"post","link":"https:\/\/periodismobahia.com.ar\/viento-sur\/?p=3352","title":{"rendered":"\u00bfLos j\u00f3venes a favor de la cuarentena?"},"content":{"rendered":"\n<pre class=\"wp-block-code\"><code>Autor\u00eda: Alumnos de primer a\u00f1o de Periodismo del Instituto Superior en Ciencia de la Comunicaci\u00f3n Social (ISCCS) con la colaboraci\u00f3n de las profesoras Fabiola Baiz y Mar\u00eda Olleta. \n<\/code><\/pre>\n\n\n\n<p>El 20 de marzo los argentinos\ncomenzamos a vivir el aislamiento social como la principal medida de prevenci\u00f3n\nal Covid 19. Despu\u00e9s de setenta d\u00edas, un grupo de estudiantes de periodismo se\nanimaron a preguntarle a los j\u00f3venes de la ciudad de Bah\u00eda Blanca c\u00f3mo viven\nesta experiencia. La encuesta se realiz\u00f3 por medio de una serie de preguntas\nmediante la plataforma Google, unos <strong>trescientos j\u00f3venes participaron<\/strong> de\nla encuesta que dio por resultados datos sorprendentes.<\/p>\n\n\n\n<!--more-->\n\n\n\n<p>Dicha encuesta realizada entre los\nj\u00f3venes, expresa una clara adhesi\u00f3n a la cuarentena dispuesta por el gobierno. <strong>El\n65%<\/strong> de los trescientos dieciocho encuestados <strong>expres\u00f3 estar de acuerdo\ncon el aislamiento social<\/strong>, preventivo y obligatorio, resultado que, a\nprimera vista, llama la atenci\u00f3n dado que se trata de una parte de la poblaci\u00f3n\nde la que podr\u00eda esperarse una mayor resistencia a estar aislados y lejos de su\ngrupo de pares.<\/p>\n\n\n\n<p>La mayor\u00eda de los participantes,\nun 75%, fueron mujeres, las que se vieron m\u00e1s proclives a realizar la encuesta\nmientras que los varones, estuvieron representados en el 25% restante.<\/p>\n\n\n\n<p>La encuesta const\u00f3 de preguntas\nque estaban dirigidas hacia la franja etaria de 18 a 25 a\u00f1os. Una de las\npreguntas apuntaba a <strong>las emociones y sentimientos que despert\u00f3 el\nAislamiento Social, Preventivo y Obligatorio (ASPO<\/strong><strong>),<\/strong> la respuesta dada parece\ndesoladora: <strong>\u201cangustia\u201d vot\u00f3 una gran parte de los encuestados<\/strong>. Dentro de\nlas tres opciones que pod\u00edan elegir, la segunda m\u00e1s votada fue \u201ctristeza\u201d, el\ntercer puesto fue ocupado por \u201cmiedo\u201d y en cuarto lugar se encuentra en partes\niguales \u201calegr\u00eda\u201d y \u201csoledad\u201d. Y los otros sentimientos mencionados fueron:\nansiedad, incertidumbre y enojo.&nbsp; <\/p>\n\n\n\n<figure class=\"wp-block-image is-resized\"><img loading=\"lazy\" decoding=\"async\" width=\"1024\" height=\"337\" src=\"http:\/\/periodismobahia.com.ar\/viento-sur\/wp-content\/uploads\/2020\/06\/graficos-1024x337.jpg\" alt=\"Fuente propia, 2020.\" class=\"wp-image-3361\" style=\"width:512px;height:169px\" srcset=\"https:\/\/periodismobahia.com.ar\/viento-sur\/wp-content\/uploads\/2020\/06\/graficos-1024x337.jpg 1024w, https:\/\/periodismobahia.com.ar\/viento-sur\/wp-content\/uploads\/2020\/06\/graficos-300x99.jpg 300w, https:\/\/periodismobahia.com.ar\/viento-sur\/wp-content\/uploads\/2020\/06\/graficos-768x253.jpg 768w, https:\/\/periodismobahia.com.ar\/viento-sur\/wp-content\/uploads\/2020\/06\/graficos-900x296.jpg 900w, https:\/\/periodismobahia.com.ar\/viento-sur\/wp-content\/uploads\/2020\/06\/graficos.jpg 1073w\" sizes=\"(max-width: 1024px) 100vw, 1024px\" \/><\/figure>\n\n\n\n<p>Otra secci\u00f3n de la encuesta\ncontiene la siguiente consigna: \u201cDurante el confinamiento \u00bfQu\u00e9 has extra\u00f1ado\nm\u00e1s?\u201d, all\u00ed se pod\u00edan seleccionar hasta tres opciones. Las m\u00e1s votadas fueron:\nencontrarme con amigos\/as (con un amplio margen ante las otras), reuniones\nfamiliares y en \u00faltimo lugar, hacer ejercicio o deportes; la respuesta relevada\nen este \u00edtem muestra una necesidad marcada de contacto social y familiar. <\/p>\n\n\n\n<p>A la hora de preguntar sobre\ncierta desmejora en la econom\u00eda, nos encontramos con que un 53,1% manifest\u00f3 no\ntener o no haber tenido problemas econ\u00f3micos, mientras que, el 46,9% expres\u00f3\nhaberse visto afectado, entendiendo este dato s\u00f3lo desde el aspecto individual.\nVinculado con la respuesta anterior y consultados sobre la disponibilidad\necon\u00f3mica y de recursos tecnol\u00f3gicos, el 95% de los j\u00f3venes expresaron tenerlos\npara seguir estudiando a trav\u00e9s de la modalidad virtual. <\/p>\n\n\n\n<p>La pandemia y consecuente\ncuarentena o ASPO ha modificado la vida de toda la sociedad y los j\u00f3venes no\nson la excepci\u00f3n. Pero, <strong>aunque podr\u00eda pensarse que esta parte de la\npoblaci\u00f3n seria la menos dispuesta a esta medida<\/strong>, ya que son los que\nhabitualmente m\u00e1s salen o comparten con grupo de amigos salidas y fiestas, <strong>result\u00f3\nser seg\u00fan la encuesta, una poblaci\u00f3n responsable y que considera a la\ncuarentena como la medida adecuada para combatir al Covid 19<\/strong>. Y aunque m\u00e1s\nde la mitad no manifestaron preocupaci\u00f3n sobre su econom\u00eda, s\u00ed <strong>se observ\u00f3 de\nforma muy marcada<\/strong>, sentimientos de angustia, tristeza, soledad y miedo como\nproducto de este aislamiento; dando cuenta del <strong>fuerte impacto emocional que\ndeja la cuarentena<\/strong>. Este \u00faltimo aspecto, deber\u00eda ser considerado\nseriamente, por autoridades y profesionales de la salud tanto entre los j\u00f3venes\ncomo en la poblaci\u00f3n en general. <\/p>\n\n\n\n<figure class=\"wp-block-gallery has-nested-images columns-1 is-cropped wp-block-gallery-1 is-layout-flex wp-block-gallery-is-layout-flex\">\n<figure class=\"wp-block-image\"><img loading=\"lazy\" decoding=\"async\" width=\"1024\" height=\"576\" data-id=\"3360\" src=\"https:\/\/periodismobahia.com.ar\/viento-sur\/wp-content\/uploads\/2020\/06\/Encuesta-8-cierre-1024x576.jpg\" alt=\"\" class=\"wp-image-3360\" srcset=\"https:\/\/periodismobahia.com.ar\/viento-sur\/wp-content\/uploads\/2020\/06\/Encuesta-8-cierre-1024x576.jpg 1024w, https:\/\/periodismobahia.com.ar\/viento-sur\/wp-content\/uploads\/2020\/06\/Encuesta-8-cierre-300x169.jpg 300w, https:\/\/periodismobahia.com.ar\/viento-sur\/wp-content\/uploads\/2020\/06\/Encuesta-8-cierre-768x432.jpg 768w, https:\/\/periodismobahia.com.ar\/viento-sur\/wp-content\/uploads\/2020\/06\/Encuesta-8-cierre-900x506.jpg 900w, https:\/\/periodismobahia.com.ar\/viento-sur\/wp-content\/uploads\/2020\/06\/Encuesta-8-cierre.jpg 1280w\" sizes=\"(max-width: 1024px) 100vw, 1024px\" \/><\/figure>\n\n\n\n<figure class=\"wp-block-image\"><img loading=\"lazy\" decoding=\"async\" width=\"1024\" height=\"576\" data-id=\"3359\" src=\"https:\/\/periodismobahia.com.ar\/viento-sur\/wp-content\/uploads\/2020\/06\/Encuesta-7-1024x576.jpg\" alt=\"\" class=\"wp-image-3359\" srcset=\"https:\/\/periodismobahia.com.ar\/viento-sur\/wp-content\/uploads\/2020\/06\/Encuesta-7-1024x576.jpg 1024w, https:\/\/periodismobahia.com.ar\/viento-sur\/wp-content\/uploads\/2020\/06\/Encuesta-7-300x169.jpg 300w, https:\/\/periodismobahia.com.ar\/viento-sur\/wp-content\/uploads\/2020\/06\/Encuesta-7-768x432.jpg 768w, https:\/\/periodismobahia.com.ar\/viento-sur\/wp-content\/uploads\/2020\/06\/Encuesta-7-900x506.jpg 900w, https:\/\/periodismobahia.com.ar\/viento-sur\/wp-content\/uploads\/2020\/06\/Encuesta-7.jpg 1280w\" sizes=\"(max-width: 1024px) 100vw, 1024px\" \/><\/figure>\n\n\n\n<figure class=\"wp-block-image\"><img loading=\"lazy\" decoding=\"async\" width=\"1024\" height=\"576\" data-id=\"3358\" src=\"https:\/\/periodismobahia.com.ar\/viento-sur\/wp-content\/uploads\/2020\/06\/Encuesta-6-1024x576.jpg\" alt=\"\" class=\"wp-image-3358\" srcset=\"https:\/\/periodismobahia.com.ar\/viento-sur\/wp-content\/uploads\/2020\/06\/Encuesta-6-1024x576.jpg 1024w, https:\/\/periodismobahia.com.ar\/viento-sur\/wp-content\/uploads\/2020\/06\/Encuesta-6-300x169.jpg 300w, https:\/\/periodismobahia.com.ar\/viento-sur\/wp-content\/uploads\/2020\/06\/Encuesta-6-768x432.jpg 768w, https:\/\/periodismobahia.com.ar\/viento-sur\/wp-content\/uploads\/2020\/06\/Encuesta-6-900x506.jpg 900w, https:\/\/periodismobahia.com.ar\/viento-sur\/wp-content\/uploads\/2020\/06\/Encuesta-6.jpg 1280w\" sizes=\"(max-width: 1024px) 100vw, 1024px\" \/><\/figure>\n\n\n\n<figure class=\"wp-block-image\"><img loading=\"lazy\" decoding=\"async\" width=\"1024\" height=\"576\" data-id=\"3357\" src=\"https:\/\/periodismobahia.com.ar\/viento-sur\/wp-content\/uploads\/2020\/06\/Encuesta-5-1024x576.jpg\" alt=\"\" class=\"wp-image-3357\" srcset=\"https:\/\/periodismobahia.com.ar\/viento-sur\/wp-content\/uploads\/2020\/06\/Encuesta-5-1024x576.jpg 1024w, https:\/\/periodismobahia.com.ar\/viento-sur\/wp-content\/uploads\/2020\/06\/Encuesta-5-300x169.jpg 300w, https:\/\/periodismobahia.com.ar\/viento-sur\/wp-content\/uploads\/2020\/06\/Encuesta-5-768x432.jpg 768w, https:\/\/periodismobahia.com.ar\/viento-sur\/wp-content\/uploads\/2020\/06\/Encuesta-5-900x506.jpg 900w, https:\/\/periodismobahia.com.ar\/viento-sur\/wp-content\/uploads\/2020\/06\/Encuesta-5.jpg 1280w\" sizes=\"(max-width: 1024px) 100vw, 1024px\" \/><\/figure>\n\n\n\n<figure class=\"wp-block-image\"><img loading=\"lazy\" decoding=\"async\" width=\"1024\" height=\"576\" data-id=\"3356\" src=\"https:\/\/periodismobahia.com.ar\/viento-sur\/wp-content\/uploads\/2020\/06\/Encuesta-4-1024x576.jpg\" alt=\"\" class=\"wp-image-3356\" srcset=\"https:\/\/periodismobahia.com.ar\/viento-sur\/wp-content\/uploads\/2020\/06\/Encuesta-4-1024x576.jpg 1024w, https:\/\/periodismobahia.com.ar\/viento-sur\/wp-content\/uploads\/2020\/06\/Encuesta-4-300x169.jpg 300w, https:\/\/periodismobahia.com.ar\/viento-sur\/wp-content\/uploads\/2020\/06\/Encuesta-4-768x432.jpg 768w, https:\/\/periodismobahia.com.ar\/viento-sur\/wp-content\/uploads\/2020\/06\/Encuesta-4-900x506.jpg 900w, https:\/\/periodismobahia.com.ar\/viento-sur\/wp-content\/uploads\/2020\/06\/Encuesta-4.jpg 1280w\" sizes=\"(max-width: 1024px) 100vw, 1024px\" \/><\/figure>\n\n\n\n<figure class=\"wp-block-image\"><img loading=\"lazy\" decoding=\"async\" width=\"1024\" height=\"576\" data-id=\"3355\" src=\"https:\/\/periodismobahia.com.ar\/viento-sur\/wp-content\/uploads\/2020\/06\/Encuesta-3-1024x576.jpg\" alt=\"\" class=\"wp-image-3355\" srcset=\"https:\/\/periodismobahia.com.ar\/viento-sur\/wp-content\/uploads\/2020\/06\/Encuesta-3-1024x576.jpg 1024w, https:\/\/periodismobahia.com.ar\/viento-sur\/wp-content\/uploads\/2020\/06\/Encuesta-3-300x169.jpg 300w, https:\/\/periodismobahia.com.ar\/viento-sur\/wp-content\/uploads\/2020\/06\/Encuesta-3-768x432.jpg 768w, https:\/\/periodismobahia.com.ar\/viento-sur\/wp-content\/uploads\/2020\/06\/Encuesta-3-900x506.jpg 900w, https:\/\/periodismobahia.com.ar\/viento-sur\/wp-content\/uploads\/2020\/06\/Encuesta-3.jpg 1280w\" sizes=\"(max-width: 1024px) 100vw, 1024px\" \/><\/figure>\n\n\n\n<figure class=\"wp-block-image\"><img loading=\"lazy\" decoding=\"async\" width=\"1024\" height=\"576\" data-id=\"3354\" src=\"https:\/\/periodismobahia.com.ar\/viento-sur\/wp-content\/uploads\/2020\/06\/Encuesta-2-1024x576.jpg\" alt=\"\" class=\"wp-image-3354\" srcset=\"https:\/\/periodismobahia.com.ar\/viento-sur\/wp-content\/uploads\/2020\/06\/Encuesta-2-1024x576.jpg 1024w, https:\/\/periodismobahia.com.ar\/viento-sur\/wp-content\/uploads\/2020\/06\/Encuesta-2-300x169.jpg 300w, https:\/\/periodismobahia.com.ar\/viento-sur\/wp-content\/uploads\/2020\/06\/Encuesta-2-768x432.jpg 768w, https:\/\/periodismobahia.com.ar\/viento-sur\/wp-content\/uploads\/2020\/06\/Encuesta-2-900x506.jpg 900w, https:\/\/periodismobahia.com.ar\/viento-sur\/wp-content\/uploads\/2020\/06\/Encuesta-2.jpg 1280w\" sizes=\"(max-width: 1024px) 100vw, 1024px\" \/><\/figure>\n\n\n\n<figure class=\"wp-block-image\"><img loading=\"lazy\" decoding=\"async\" width=\"1024\" height=\"576\" data-id=\"3353\" src=\"https:\/\/periodismobahia.com.ar\/viento-sur\/wp-content\/uploads\/2020\/06\/Encuesta-1-1024x576.jpg\" alt=\"\" class=\"wp-image-3353\" srcset=\"https:\/\/periodismobahia.com.ar\/viento-sur\/wp-content\/uploads\/2020\/06\/Encuesta-1-1024x576.jpg 1024w, https:\/\/periodismobahia.com.ar\/viento-sur\/wp-content\/uploads\/2020\/06\/Encuesta-1-300x169.jpg 300w, https:\/\/periodismobahia.com.ar\/viento-sur\/wp-content\/uploads\/2020\/06\/Encuesta-1-768x432.jpg 768w, https:\/\/periodismobahia.com.ar\/viento-sur\/wp-content\/uploads\/2020\/06\/Encuesta-1-900x506.jpg 900w, https:\/\/periodismobahia.com.ar\/viento-sur\/wp-content\/uploads\/2020\/06\/Encuesta-1.jpg 1280w\" sizes=\"(max-width: 1024px) 100vw, 1024px\" \/><\/figure>\n<\/figure>\n\n\n\n<pre class=\"wp-block-code\"><code>Participaron m\u00e1s de 300 bahienses, la mayor\u00eda estudiantes. <\/code><\/pre>\n","protected":false},"excerpt":{"rendered":"<p>El 20 de marzo los argentinos comenzamos a vivir el aislamiento social como la principal medida de prevenci\u00f3n al Covid 19. Despu\u00e9s de setenta d\u00edas, un grupo de estudiantes de periodismo se animaron a preguntarle a los j\u00f3venes de la ciudad de Bah\u00eda Blanca c\u00f3mo viven esta experiencia. La encuesta se realiz\u00f3 por medio de [&hellip;]<\/p>\n","protected":false},"author":1,"featured_media":0,"comment_status":"closed","ping_status":"open","sticky":false,"template":"","format":"standard","meta":{"footnotes":""},"categories":[89],"tags":[423],"_links":{"self":[{"href":"https:\/\/periodismobahia.com.ar\/viento-sur\/index.php?rest_route=\/wp\/v2\/posts\/3352"}],"collection":[{"href":"https:\/\/periodismobahia.com.ar\/viento-sur\/index.php?rest_route=\/wp\/v2\/posts"}],"about":[{"href":"https:\/\/periodismobahia.com.ar\/viento-sur\/index.php?rest_route=\/wp\/v2\/types\/post"}],"author":[{"embeddable":true,"href":"https:\/\/periodismobahia.com.ar\/viento-sur\/index.php?rest_route=\/wp\/v2\/users\/1"}],"replies":[{"embeddable":true,"href":"https:\/\/periodismobahia.com.ar\/viento-sur\/index.php?rest_route=%2Fwp%2Fv2%2Fcomments&post=3352"}],"version-history":[{"count":3,"href":"https:\/\/periodismobahia.com.ar\/viento-sur\/index.php?rest_route=\/wp\/v2\/posts\/3352\/revisions"}],"predecessor-version":[{"id":4495,"href":"https:\/\/periodismobahia.com.ar\/viento-sur\/index.php?rest_route=\/wp\/v2\/posts\/3352\/revisions\/4495"}],"wp:attachment":[{"href":"https:\/\/periodismobahia.com.ar\/viento-sur\/index.php?rest_route=%2Fwp%2Fv2%2Fmedia&parent=3352"}],"wp:term":[{"taxonomy":"category","embeddable":true,"href":"https:\/\/periodismobahia.com.ar\/viento-sur\/index.php?rest_route=%2Fwp%2Fv2%2Fcategories&post=3352"},{"taxonomy":"post_tag","embeddable":true,"href":"https:\/\/periodismobahia.com.ar\/viento-sur\/index.php?rest_route=%2Fwp%2Fv2%2Ftags&post=3352"}],"curies":[{"name":"wp","href":"https:\/\/api.w.org\/{rel}","templated":true}]}}