{"id":3111,"date":"2019-11-01T10:00:32","date_gmt":"2019-11-01T10:00:32","guid":{"rendered":"http:\/\/periodismobahia.com.ar\/viento-sur\/?p=3111"},"modified":"2019-11-01T19:54:44","modified_gmt":"2019-11-01T19:54:44","slug":"operation-finale","status":"publish","type":"post","link":"https:\/\/periodismobahia.com.ar\/viento-sur\/?p=3111","title":{"rendered":"Operation Finale."},"content":{"rendered":"\n<h2 class=\"wp-block-heading\">El retrato de la captura de Adolf Eichmann en Argentina. Un caso emblem\u00e1tico e hist\u00f3rico.<\/h2>\n\n\n\n<pre class=\"wp-block-code\"><code>Publicado por: Camila Navarrete y Mayra G\u00f3mez Acosta.<\/code><\/pre>\n\n\n\n<!--more-->\n\n\n\n<p>El partido nazi, que gobern\u00f3 Alemania entre 1933 y 1945, tuvo un personaje siniestro llamado Adolf Eichmann. Teniente General de las SchutzStaffel se le atribuye la autor\u00eda del plan llamado \u201cSoluci\u00f3n final\u201d, que propon\u00eda el exterminio completo del pueblo jud\u00edo.<\/p>\n\n\n\n<p>Este largometraje centra su relato en la investigaci\u00f3n que inici\u00f3 la Mossad al recibir informacion sobre el paradero de Eichmann. Chris Weitz, el director, logra retratar la operaci\u00f3n que llevar\u00eda a la captura del criminal de guerra alem\u00e1n. Se encontraba en la Argentina haciendo una vida que distaba mucho de sus d\u00edas como general de las SS, siendo operario de una f\u00e1brica en los suburbios de Buenos Aires.&nbsp; <\/p>\n\n\n\n<figure class=\"wp-block-embed-instagram wp-block-embed is-type-rich is-provider-instagram\"><div class=\"wp-block-embed__wrapper\">\nhttps:\/\/www.instagram.com\/p\/Bo2qqvdj-R-\/?igshid=1w14mqd0s0hmh\n<\/div><\/figure>\n\n\n\n<h3 class=\"wp-block-heading\">\u00bfQui\u00e9n era Eichmann?<\/h3>\n\n\n\n<div class=\"wp-block-columns has-2-columns is-layout-flex wp-container-core-columns-is-layout-1 wp-block-columns-is-layout-flex\">\n<div class=\"wp-block-column is-layout-flow wp-block-column-is-layout-flow\">\n<p>Nacido en Solingen el 19 de marzo de 1906, fue fichado por el SS-Obergruppenf\u00fchrer Reinhard Heydrich por su facilidad en el manejo de la log\u00edstica en la deportaci\u00f3n en masa de los jud\u00edos a los ghetos y a los campos de exterminio en los pa\u00edses del este de Europa ocupados por los nazis, durante la Segunda Guerra Mundial.<\/p>\n<\/div>\n\n\n\n<div class=\"wp-block-column is-layout-flow wp-block-column-is-layout-flow\">\n<p>Lleg\u00f3 a la Argentina, bajo el nombre Ricardo Klement,\ncat\u00f3lico, soltero y de treinta y seis a\u00f1os de edad, siete menos de los que en\nrealidad contaba; en 1950 luego de pasar por G\u00e9nova y recibir de un sacerdote\nfranciscano italiano un pasaporte que lo habilit\u00f3 para viajar a Buenos Aires.<\/p>\n<\/div>\n<\/div>\n\n\n\n<h3 class=\"wp-block-heading\">El contexto en Buenos Aires<\/h3>\n\n\n\n<p>Argentina viv\u00eda momentos tumultuosos, luego de que Juan D. Per\u00f3n fuera derrocado en 1955 por parte de la autoproclamada \u201cRevoluci\u00f3n Libertadora\u201d, un golpe de estado militar que llev\u00f3 al ex presidente al exilio.  <\/p>\n\n\n\n<p>Se desarrollaban reuniones de burgueses argentinos de car\u00e1cter ultra fascista, que reivindicaban al nazismo y en las que Eichmann era tratado como un pr\u00f3cer. En estas reuniones logra infiltrarse la inteligencia israel\u00ed, a trav\u00e9s de dos esp\u00edas israel\u00edes sobrevivientes de los campos de concentraci\u00f3n, Lothar y Sylvia Hermann, y all\u00ed es donde comienza el hilo que desemboca en la captura del jerarca nazi unos a\u00f1os despu\u00e9s.  <\/p>\n\n\n\n<p>El jerarca nazi permaneci\u00f3 entre nosotros sin ser molestado hasta 1960, que fue secuestrado por un comando israel\u00ed para ser juzgado en Jerusal\u00e9n, donde fue condenado a muerte. Sus \u00faltimas palabras fueron: \u201cDentro de muy poco, caballeros, volveremos a encontrarnos. Tal es el destino de todos los hombres. \u00a1Viva Alemania! \u00a1Viva la Argentina! \u00a1Viva Austria! Nunca las olvidar\u00e9\u201d. <\/p>\n\n\n\n<h3 class=\"wp-block-heading\">La realizaci\u00f3n de la pel\u00edcula<\/h3>\n\n\n\n<figure class=\"wp-block-embed-youtube wp-block-embed is-type-video is-provider-youtube wp-embed-aspect-16-9 wp-has-aspect-ratio\"><div class=\"wp-block-embed__wrapper\">\n<iframe loading=\"lazy\" title=\"Operaci\u00f3n final | Tr\u00e1iler oficial | Netflix\" width=\"640\" height=\"360\" src=\"https:\/\/www.youtube.com\/embed\/dLVPwTcob2o?feature=oembed\" frameborder=\"0\" allow=\"accelerometer; autoplay; clipboard-write; encrypted-media; gyroscope; picture-in-picture; web-share\" referrerpolicy=\"strict-origin-when-cross-origin\" allowfullscreen><\/iframe>\n<\/div><\/figure>\n\n\n\n<p>En 2015, se anunci\u00f3 que Metro-Goldwyn-Mayer hab\u00eda comprado los derechos de un guion sin t\u00edtulo de Matthew Orton.<sup><a href=\"https:\/\/es.wikipedia.org\/wiki\/Operation_Finale#cite_note-2\"><\/a><\/sup>\u200b El 24 de febrero de 2016, Chris Weitz entr\u00f3 en negociaciones para dirigir la pel\u00edcula. El contrato se firmo en 2017 y el elenco qued\u00f3 conformado por:<\/p>\n\n\n\n<ul><li>Oscar Isaac como Peter Malkin<\/li><li>Ben Kingsley como Adolf Eichmann<\/li><li>Lior Raz como Iser Har&#8217;el<\/li><li>M\u00e9lanie Laurent como Hanna<\/li><li>Nick Kroll como Rafi Eitan<\/li><li>Joe Alwyn como Klaus Eichmann<\/li><li>Haley Lu Richardson como Sylvia Herman<\/li><li>Peter Strauss como Lotar Hermann<\/li><li>Ohad Knoller como Ephraim Ilani<\/li><li>Greg Hill como Moshe Tabor<\/li><li>Torben Liebrecht como Yaakov Gat<\/li><li>Mike Hernandez como Dani Sharlon<\/li><li>Greta Scacchi como Vera Eichmann<\/li><\/ul>\n\n\n\n<p>Ben Kingsley construye al personaje como un ser oscuro y sin remordimientos, pero tambi\u00e9n le da un toque \u201chumano\u201d (un hombre que vive en familia, que se levanta y va a trabajar como cualquier persona lo har\u00eda), condimento que lo convierte en alguien a\u00fan m\u00e1s perverso.&nbsp; <\/p>\n\n\n\n<p>Fue estrenada en Estados Unidos el 29 de agosto de 2018 y el 3 de octubre del mismo en Netflix.<\/p>\n\n\n\n<figure class=\"wp-block-embed-twitter wp-block-embed is-type-rich is-provider-twitter\"><div class=\"wp-block-embed__wrapper\">\n<blockquote class=\"twitter-tweet\" data-width=\"550\" data-dnt=\"true\"><p lang=\"es\" dir=\"ltr\"><a href=\"https:\/\/twitter.com\/hashtag\/Video?src=hash&amp;ref_src=twsrc%5Etfw\">#Video<\/a> | Netflix estren\u00f3 \u201cOperaci\u00f3n final\u201d, la pel\u00edcula que narra la b\u00fasqueda de Adolf Eichmann, el arquitecto del Holocausto, en Argentina.   <a href=\"https:\/\/t.co\/65kHOoywfb\">https:\/\/t.co\/65kHOoywfb<\/a><\/p>&mdash; Radio Mitre (@radiomitre) <a href=\"https:\/\/twitter.com\/radiomitre\/status\/1047852053995954177?ref_src=twsrc%5Etfw\">October 4, 2018<\/a><\/blockquote><script async src=\"https:\/\/platform.twitter.com\/widgets.js\" charset=\"utf-8\"><\/script>\n<\/div><\/figure>\n\n\n\n<ul class=\"wp-block-gallery columns-2 wp-block-gallery-1 is-layout-flex wp-block-gallery-is-layout-flex\"><li class=\"blocks-gallery-item\"><figure><img loading=\"lazy\" decoding=\"async\" width=\"640\" height=\"360\" src=\"http:\/\/periodismobahia.com.ar\/viento-sur\/wp-content\/uploads\/2019\/11\/eichmann.jpg\" alt=\"\" data-id=\"3131\" data-link=\"http:\/\/periodismobahia.com.ar\/viento-sur\/?attachment_id=3131\" class=\"wp-image-3131\" srcset=\"https:\/\/periodismobahia.com.ar\/viento-sur\/wp-content\/uploads\/2019\/11\/eichmann.jpg 640w, https:\/\/periodismobahia.com.ar\/viento-sur\/wp-content\/uploads\/2019\/11\/eichmann-300x169.jpg 300w\" sizes=\"(max-width: 640px) 100vw, 640px\" \/><figcaption>Adolf Eichmann<\/figcaption><\/figure><\/li><li class=\"blocks-gallery-item\"><figure><img loading=\"lazy\" decoding=\"async\" width=\"660\" height=\"370\" src=\"http:\/\/periodismobahia.com.ar\/viento-sur\/wp-content\/uploads\/2019\/11\/eichmann-personaje.jpg\" alt=\"\" data-id=\"3125\" data-link=\"http:\/\/periodismobahia.com.ar\/viento-sur\/?attachment_id=3125\" class=\"wp-image-3125\" srcset=\"https:\/\/periodismobahia.com.ar\/viento-sur\/wp-content\/uploads\/2019\/11\/eichmann-personaje.jpg 660w, https:\/\/periodismobahia.com.ar\/viento-sur\/wp-content\/uploads\/2019\/11\/eichmann-personaje-300x168.jpg 300w\" sizes=\"(max-width: 660px) 100vw, 660px\" \/><figcaption>Ben Kingsley as Adolf Eichmann<\/figcaption><\/figure><\/li><li class=\"blocks-gallery-item\"><figure><img loading=\"lazy\" decoding=\"async\" width=\"322\" height=\"156\" src=\"http:\/\/periodismobahia.com.ar\/viento-sur\/wp-content\/uploads\/2019\/11\/reunion-nazi.jpg\" alt=\"\" data-id=\"3130\" data-link=\"http:\/\/periodismobahia.com.ar\/viento-sur\/?attachment_id=3130\" class=\"wp-image-3130\" srcset=\"https:\/\/periodismobahia.com.ar\/viento-sur\/wp-content\/uploads\/2019\/11\/reunion-nazi.jpg 322w, https:\/\/periodismobahia.com.ar\/viento-sur\/wp-content\/uploads\/2019\/11\/reunion-nazi-300x145.jpg 300w\" sizes=\"(max-width: 322px) 100vw, 322px\" \/><figcaption>Reuniones nazi Bs As, escena<\/figcaption><\/figure><\/li><li class=\"blocks-gallery-item\"><figure><img loading=\"lazy\" decoding=\"async\" width=\"660\" height=\"380\" src=\"http:\/\/periodismobahia.com.ar\/viento-sur\/wp-content\/uploads\/2019\/10\/operacion_final_03.jpg\" alt=\"\" data-id=\"3117\" data-link=\"http:\/\/periodismobahia.com.ar\/viento-sur\/?attachment_id=3117\" class=\"wp-image-3117\" srcset=\"https:\/\/periodismobahia.com.ar\/viento-sur\/wp-content\/uploads\/2019\/10\/operacion_final_03.jpg 660w, https:\/\/periodismobahia.com.ar\/viento-sur\/wp-content\/uploads\/2019\/10\/operacion_final_03-300x173.jpg 300w\" sizes=\"(max-width: 660px) 100vw, 660px\" \/><figcaption>Escena de Mossad<\/figcaption><\/figure><\/li><li class=\"blocks-gallery-item\"><figure><img loading=\"lazy\" decoding=\"async\" width=\"1024\" height=\"424\" src=\"http:\/\/periodismobahia.com.ar\/viento-sur\/wp-content\/uploads\/2019\/11\/eichman-scene-1024x424.jpg\" alt=\"\" data-id=\"3129\" data-link=\"http:\/\/periodismobahia.com.ar\/viento-sur\/?attachment_id=3129\" class=\"wp-image-3129\" srcset=\"https:\/\/periodismobahia.com.ar\/viento-sur\/wp-content\/uploads\/2019\/11\/eichman-scene.jpg 1024w, https:\/\/periodismobahia.com.ar\/viento-sur\/wp-content\/uploads\/2019\/11\/eichman-scene-300x124.jpg 300w, https:\/\/periodismobahia.com.ar\/viento-sur\/wp-content\/uploads\/2019\/11\/eichman-scene-768x318.jpg 768w, https:\/\/periodismobahia.com.ar\/viento-sur\/wp-content\/uploads\/2019\/11\/eichman-scene-900x373.jpg 900w\" sizes=\"(max-width: 1024px) 100vw, 1024px\" \/><figcaption>Escena de Eichmann secuestrado y Malkin.<\/figcaption><\/figure><\/li><li class=\"blocks-gallery-item\"><figure><img loading=\"lazy\" decoding=\"async\" width=\"660\" height=\"371\" src=\"http:\/\/periodismobahia.com.ar\/viento-sur\/wp-content\/uploads\/2019\/11\/sylvia-hermann.jpg\" alt=\"\" data-id=\"3132\" data-link=\"http:\/\/periodismobahia.com.ar\/viento-sur\/?attachment_id=3132\" class=\"wp-image-3132\" srcset=\"https:\/\/periodismobahia.com.ar\/viento-sur\/wp-content\/uploads\/2019\/11\/sylvia-hermann.jpg 660w, https:\/\/periodismobahia.com.ar\/viento-sur\/wp-content\/uploads\/2019\/11\/sylvia-hermann-300x169.jpg 300w\" sizes=\"(max-width: 660px) 100vw, 660px\" \/><figcaption>escena Sylvia Hermann, infiltrada<\/figcaption><\/figure><\/li><\/ul>\n\n\n\n<p>CNN en Espa\u00f1ol en 2017 subi\u00f3 a su p\u00e1gina la entrevista a Rafi Eitan, miembro de Mossad.<\/p>\n\n\n\n<figure class=\"wp-block-embed-soundcloud wp-block-embed is-type-rich is-provider-soundcloud wp-embed-aspect-4-3 wp-has-aspect-ratio\"><div class=\"wp-block-embed__wrapper\">\nhttps:\/\/soundcloud.com\/cnnee\/entrevista-en-ingles-con-el-hombre-que-capturo-a-adolf-eichmann\n<\/div><\/figure>\n\n\n\n<p>El final de este siniestro personaje fue en 1962, luego de ser llevado a juicio en Jerusal\u00e9n por la inteligencia israelita que dio con su paradero. El dictamen fue el de la ejecuci\u00f3n.<\/p>\n\n\n\n<figure class=\"wp-block-embed-slideshare wp-block-embed is-type-rich is-provider-slideshare wp-embed-aspect-9-16 wp-has-aspect-ratio\"><div class=\"wp-block-embed__wrapper\">\n<iframe loading=\"lazy\" title=\"Arendt, hannah   eichmann en jerusalen\" src=\"https:\/\/www.slideshare.net\/slideshow\/embed_code\/key\/kuxzGRCE8A5Rnx\" width=\"479\" height=\"511\" frameborder=\"0\" marginwidth=\"0\" marginheight=\"0\" scrolling=\"no\" style=\"border:1px solid #CCC; border-width:1px; margin-bottom:5px; max-width: 100%;\" allowfullscreen> <\/iframe> <div style=\"margin-bottom:5px\"> <strong> <a href=\"https:\/\/es.slideshare.net\/secret\/kuxzGRCE8A5Rnx\" title=\"Arendt, hannah eichmann en jerusalen\" target=\"_blank\">Arendt, hannah eichmann en jerusalen<\/a> <\/strong> from <strong><a href=\"https:\/\/www.slideshare.net\/ronfiorella\" target=\"_blank\">Ronald Bruzual<\/a><\/strong> <\/div>\n<\/div><\/figure>\n","protected":false},"excerpt":{"rendered":"<p>El retrato de la captura de Adolf Eichmann en Argentina. Un caso emblem\u00e1tico e hist\u00f3rico.<\/p>\n","protected":false},"author":3,"featured_media":3126,"comment_status":"closed","ping_status":"open","sticky":false,"template":"","format":"standard","meta":{"footnotes":""},"categories":[89],"tags":[402,376,403,401],"_links":{"self":[{"href":"https:\/\/periodismobahia.com.ar\/viento-sur\/index.php?rest_route=\/wp\/v2\/posts\/3111"}],"collection":[{"href":"https:\/\/periodismobahia.com.ar\/viento-sur\/index.php?rest_route=\/wp\/v2\/posts"}],"about":[{"href":"https:\/\/periodismobahia.com.ar\/viento-sur\/index.php?rest_route=\/wp\/v2\/types\/post"}],"author":[{"embeddable":true,"href":"https:\/\/periodismobahia.com.ar\/viento-sur\/index.php?rest_route=\/wp\/v2\/users\/3"}],"replies":[{"embeddable":true,"href":"https:\/\/periodismobahia.com.ar\/viento-sur\/index.php?rest_route=%2Fwp%2Fv2%2Fcomments&post=3111"}],"version-history":[{"count":19,"href":"https:\/\/periodismobahia.com.ar\/viento-sur\/index.php?rest_route=\/wp\/v2\/posts\/3111\/revisions"}],"predecessor-version":[{"id":3213,"href":"https:\/\/periodismobahia.com.ar\/viento-sur\/index.php?rest_route=\/wp\/v2\/posts\/3111\/revisions\/3213"}],"wp:featuredmedia":[{"embeddable":true,"href":"https:\/\/periodismobahia.com.ar\/viento-sur\/index.php?rest_route=\/wp\/v2\/media\/3126"}],"wp:attachment":[{"href":"https:\/\/periodismobahia.com.ar\/viento-sur\/index.php?rest_route=%2Fwp%2Fv2%2Fmedia&parent=3111"}],"wp:term":[{"taxonomy":"category","embeddable":true,"href":"https:\/\/periodismobahia.com.ar\/viento-sur\/index.php?rest_route=%2Fwp%2Fv2%2Fcategories&post=3111"},{"taxonomy":"post_tag","embeddable":true,"href":"https:\/\/periodismobahia.com.ar\/viento-sur\/index.php?rest_route=%2Fwp%2Fv2%2Ftags&post=3111"}],"curies":[{"name":"wp","href":"https:\/\/api.w.org\/{rel}","templated":true}]}}