{"id":2883,"date":"2019-10-25T17:08:49","date_gmt":"2019-10-25T17:08:49","guid":{"rendered":"http:\/\/periodismobahia.com.ar\/viento-sur\/?p=2883"},"modified":"2019-10-28T21:41:46","modified_gmt":"2019-10-28T21:41:46","slug":"martin-fierro-de-la-moda-2019","status":"publish","type":"post","link":"https:\/\/periodismobahia.com.ar\/viento-sur\/?p=2883","title":{"rendered":"Mart\u00edn Fierro de la Moda 2019"},"content":{"rendered":"\n<p class=\"has-text-color has-background has-very-dark-gray-color has-very-light-gray-background-color\">Todos los premiados por los socios de APTRA. Los mejores y peores <em>looks <\/em>analizados por expertos. Los grandes artistas que pasaron por la alfombra verde y todo el detr\u00e1s de escena.<\/p>\n\n\n\n<pre class=\"wp-block-code\"><code>Por Bottarini Lourdes y Gonzalez Artus Camila, estudiantes del ISCCS<\/code><\/pre>\n\n\n\n<figure class=\"wp-block-image\"><img loading=\"lazy\" decoding=\"async\" width=\"1024\" height=\"692\" src=\"http:\/\/periodismobahia.com.ar\/viento-sur\/wp-content\/uploads\/2019\/10\/conductores-1024x692.png\" alt=\"\" class=\"wp-image-2885\" srcset=\"https:\/\/periodismobahia.com.ar\/viento-sur\/wp-content\/uploads\/2019\/10\/conductores-1024x692.png 1024w, https:\/\/periodismobahia.com.ar\/viento-sur\/wp-content\/uploads\/2019\/10\/conductores-300x203.png 300w, https:\/\/periodismobahia.com.ar\/viento-sur\/wp-content\/uploads\/2019\/10\/conductores-768x519.png 768w, https:\/\/periodismobahia.com.ar\/viento-sur\/wp-content\/uploads\/2019\/10\/conductores-900x608.png 900w, https:\/\/periodismobahia.com.ar\/viento-sur\/wp-content\/uploads\/2019\/10\/conductores-1280x865.png 1280w\" sizes=\"(max-width: 1024px) 100vw, 1024px\" \/><figcaption>Valeria Mazza y Horacio Cabak conductores del Mart\u00edn Fierro de la Moda<\/figcaption><\/figure>\n\n\n\n<p>El mi\u00e9rcoles 16 se celebr\u00f3 la primera edici\u00f3n de los Mart\u00edn Fierro de la Moda en el Tattersall de Palermo bajo la conducci\u00f3n de la modelo Valeria Mazza y Horacio Cabak. <\/p>\n\n\n\n<!--more-->\n\n\n\n<p>En la gala APTRA premio el estilo y el look de actrices, actores, conductores, realizadores y protagonistas de los medios de comunicaci\u00f3n. Se trasmiti\u00f3 por la pantalla de Ciudad Magazine, con la alfombra verde desde las 19hs. y la ceremonia desde las 21hs.<\/p>\n\n\n\n<p>Esta nueva experiencia del cl\u00e1sico premio de la TV es un posicionamiento muy importante para el mundo de la moda, que abarca todo lo relacionado con el mundo fashion, mediante diversas y originales categor\u00edas organizadas segun el criterio de un jurado que premi\u00f3 a los mejores estilos y producciones nacionales.<\/p>\n\n\n\n<h3 class=\"wp-block-heading\">Todos los ganadores al Martin Fierro de la Moda en televisi\u00f3n<\/h3>\n\n\n\n<p>Cristina Perez de Telefe Noticias, ganadora al mejor estilo de conductora de noticiero.<\/p>\n\n\n\n<figure class=\"wp-block-embed-instagram wp-block-embed is-type-rich is-provider-instagram\"><div class=\"wp-block-embed__wrapper\">\nhttps:\/\/www.instagram.com\/p\/B3s-8pylGNz\/\n<\/div><\/figure>\n\n\n\n<p>El premio por mejor estilo de conduccion en television se lo llev\u00f3 Veronica Lozano por su programa \u00abCort\u00e1 por lozano\u00bb.<\/p>\n\n\n\n<figure class=\"wp-block-image\"><img loading=\"lazy\" decoding=\"async\" width=\"683\" height=\"1024\" src=\"http:\/\/periodismobahia.com.ar\/viento-sur\/wp-content\/uploads\/2019\/10\/Vero-683x1024.jpg\" alt=\"\" class=\"wp-image-2887\" srcset=\"https:\/\/periodismobahia.com.ar\/viento-sur\/wp-content\/uploads\/2019\/10\/Vero-683x1024.jpg 683w, https:\/\/periodismobahia.com.ar\/viento-sur\/wp-content\/uploads\/2019\/10\/Vero-200x300.jpg 200w, https:\/\/periodismobahia.com.ar\/viento-sur\/wp-content\/uploads\/2019\/10\/Vero-768x1151.jpg 768w, https:\/\/periodismobahia.com.ar\/viento-sur\/wp-content\/uploads\/2019\/10\/Vero-900x1349.jpg 900w, https:\/\/periodismobahia.com.ar\/viento-sur\/wp-content\/uploads\/2019\/10\/Vero-1280x1918.jpg 1280w\" sizes=\"(max-width: 683px) 100vw, 683px\" \/><figcaption>Veronica Lozano en la ceremonia.<br>Fotograf\u00eda: Infobae<\/figcaption><\/figure>\n\n\n\n<p>Iv\u00e1n de Pineda fue premiado como mejor estilo de conducci\u00f3n masculina de televisi\u00f3n, con el programa \u00abPasapalabra\u00bb.<\/p>\n\n\n\n<p>El mejor estilo de conductor noticiero fue Rodolfo Barili en Telefe Noticias.<\/p>\n\n\n\n<figure class=\"wp-block-embed-instagram wp-block-embed is-type-rich is-provider-instagram\"><div class=\"wp-block-embed__wrapper\">\nhttps:\/\/www.instagram.com\/p\/B3s9RDAJONj\/\n<\/div><\/figure>\n\n\n\n<p>El premio de mejor panelista femenina fue para Debora Plager por su participaci\u00f3n en \u00abInvolucrados\u00bb en Am\u00e9rica.<\/p>\n\n\n\n<figure class=\"wp-block-embed-instagram wp-block-embed is-type-rich is-provider-instagram\"><div class=\"wp-block-embed__wrapper\">\nhttps:\/\/www.instagram.com\/p\/B3sszdHHXhf\/\n<\/div><\/figure>\n\n\n\n<p>Claudio Cosano fue elegido como mejor panelista masculino.<\/p>\n\n\n\n<p>Como mejor periodista deportiva femenina fue elgida Alina Moine.<\/p>\n\n\n\n<figure class=\"wp-block-embed-instagram wp-block-embed is-type-rich is-provider-instagram\"><div class=\"wp-block-embed__wrapper\">\nhttps:\/\/www.instagram.com\/p\/B3u2IJ7lp9s\/\n<\/div><\/figure>\n\n\n\n<p>Mejor estilo periodista deportivo masculino, el ganador fue Gustavo L\u00f3pez, por su programa Juego Sagrado por Fox Sports.<\/p>\n\n\n\n<p>El premio al mejor programa de moda se lo llev\u00f3 \u00abCorte y confecci\u00f3n\u00bb de El 13.<\/p>\n\n\n\n<figure class=\"wp-block-embed-instagram wp-block-embed is-type-rich is-provider-instagram\"><div class=\"wp-block-embed__wrapper\">\nhttps:\/\/www.instagram.com\/p\/B3vxAAjlfp9\/\n<\/div><\/figure>\n\n\n\n<p>La ganadora a mejor cr\u00edtica de moda fue para Matilda Blanco por su participaci\u00f3n en \u00abCorte y confecci\u00f3n\u00bb.<\/p>\n\n\n\n<figure class=\"wp-block-embed-instagram wp-block-embed is-type-rich is-provider-instagram\"><div class=\"wp-block-embed__wrapper\">\nhttps:\/\/www.instagram.com\/p\/B3wB6ZkJInK\/\n<\/div><\/figure>\n\n\n\n<p>Por mejor vestuario de programa de ficci\u00f3n, los elegidos fueron \u00abArgentina, tierra de amor y venganza\u00bb.<\/p>\n\n\n\n<figure class=\"wp-block-embed-soundcloud wp-block-embed is-type-rich is-provider-soundcloud wp-embed-aspect-4-3 wp-has-aspect-ratio\"><div class=\"wp-block-embed__wrapper\">\n<iframe loading=\"lazy\" title=\"01 - CIEN A\u00d1OS (Simple Rmx) - DjMaxi - ABEL PINTOS by DjMaxiVqMixer\" width=\"640\" height=\"400\" scrolling=\"no\" frameborder=\"no\" src=\"https:\/\/w.soundcloud.com\/player\/?visual=true&#038;url=https%3A%2F%2Fapi.soundcloud.com%2Ftracks%2F586998621&#038;show_artwork=true&#038;maxheight=960&#038;maxwidth=640\"><\/iframe>\n<\/div><\/figure>\n\n\n\n<figure class=\"wp-block-embed-youtube wp-block-embed is-type-video is-provider-youtube wp-embed-aspect-16-9 wp-has-aspect-ratio\"><div class=\"wp-block-embed__wrapper\">\n<iframe loading=\"lazy\" title=\"#MFModa2019: ATAV gan\u00f3 la terna &quot;Mejor vestuario en programa de ficci\u00f3n&quot;\" width=\"640\" height=\"360\" src=\"https:\/\/www.youtube.com\/embed\/j0iF_TFsKrk?feature=oembed\" frameborder=\"0\" allow=\"accelerometer; autoplay; clipboard-write; encrypted-media; gyroscope; picture-in-picture; web-share\" referrerpolicy=\"strict-origin-when-cross-origin\" allowfullscreen><\/iframe>\n<\/div><\/figure>\n\n\n\n<p>Pampita gan\u00f3 en la categor\u00eda alfombra roja.<\/p>\n\n\n\n<figure class=\"wp-block-embed-instagram wp-block-embed is-type-rich is-provider-instagram\"><div class=\"wp-block-embed__wrapper\">\nhttps:\/\/www.instagram.com\/p\/B3tOLMNJAen\/\n<\/div><\/figure>\n\n\n\n<h3 class=\"wp-block-heading\">Los looks de la alfombra verde<\/h3>\n\n\n\n<p>Con una extensa alfombra verde, las diferentes figuras pasearon por ella y aprovecharon para posar ante los flashes de las c\u00e1maras. los colores claros, las transparencias, los brillos, los estampados floreados y las grandes colas predominaron entre las mujeres.<\/p>\n\n\n\n<h4 class=\"wp-block-heading\">Los mejores fueron:<\/h4>\n\n\n\n<ul><li>Pampita by Jorge Rey<\/li><li>Veronica Lozano by Antolin<\/li><li>Angie Landaburu by Oscar de la Renta<\/li><li>Lorena Ceriscioli by Javiar Saiach<\/li><li>Micaela Arga\u00f1araz by Saint Lauent.<\/li><\/ul>\n\n\n\n<ul class=\"wp-block-gallery columns-3 is-cropped wp-block-gallery-1 is-layout-flex wp-block-gallery-is-layout-flex\"><li class=\"blocks-gallery-item\"><figure><img loading=\"lazy\" decoding=\"async\" width=\"715\" height=\"1024\" src=\"http:\/\/periodismobahia.com.ar\/viento-sur\/wp-content\/uploads\/2019\/10\/arga-715x1024.jpg\" alt=\"\" data-id=\"2896\" data-link=\"http:\/\/periodismobahia.com.ar\/viento-sur\/?attachment_id=2896\" class=\"wp-image-2896\" srcset=\"https:\/\/periodismobahia.com.ar\/viento-sur\/wp-content\/uploads\/2019\/10\/arga-715x1024.jpg 715w, https:\/\/periodismobahia.com.ar\/viento-sur\/wp-content\/uploads\/2019\/10\/arga-209x300.jpg 209w, https:\/\/periodismobahia.com.ar\/viento-sur\/wp-content\/uploads\/2019\/10\/arga-768x1100.jpg 768w, https:\/\/periodismobahia.com.ar\/viento-sur\/wp-content\/uploads\/2019\/10\/arga-900x1289.jpg 900w, https:\/\/periodismobahia.com.ar\/viento-sur\/wp-content\/uploads\/2019\/10\/arga-1280x1833.jpg 1280w, https:\/\/periodismobahia.com.ar\/viento-sur\/wp-content\/uploads\/2019\/10\/arga.jpg 1920w\" sizes=\"(max-width: 715px) 100vw, 715px\" \/><\/figure><\/li><li class=\"blocks-gallery-item\"><figure><img loading=\"lazy\" decoding=\"async\" width=\"683\" height=\"1024\" src=\"http:\/\/periodismobahia.com.ar\/viento-sur\/wp-content\/uploads\/2019\/10\/vloz-683x1024.jpg\" alt=\"\" data-id=\"2899\" data-link=\"http:\/\/periodismobahia.com.ar\/viento-sur\/?attachment_id=2899\" class=\"wp-image-2899\" srcset=\"https:\/\/periodismobahia.com.ar\/viento-sur\/wp-content\/uploads\/2019\/10\/vloz-683x1024.jpg 683w, https:\/\/periodismobahia.com.ar\/viento-sur\/wp-content\/uploads\/2019\/10\/vloz-200x300.jpg 200w, https:\/\/periodismobahia.com.ar\/viento-sur\/wp-content\/uploads\/2019\/10\/vloz-768x1151.jpg 768w, https:\/\/periodismobahia.com.ar\/viento-sur\/wp-content\/uploads\/2019\/10\/vloz-900x1349.jpg 900w, https:\/\/periodismobahia.com.ar\/viento-sur\/wp-content\/uploads\/2019\/10\/vloz-1280x1918.jpg 1280w\" sizes=\"(max-width: 683px) 100vw, 683px\" \/><\/figure><\/li><li class=\"blocks-gallery-item\"><figure><img loading=\"lazy\" decoding=\"async\" width=\"600\" height=\"900\" src=\"http:\/\/periodismobahia.com.ar\/viento-sur\/wp-content\/uploads\/2019\/10\/WhatsApp-Image-2019-10-18-at-12.38.42.jpeg\" alt=\"\" data-id=\"2900\" data-link=\"http:\/\/periodismobahia.com.ar\/viento-sur\/?attachment_id=2900\" class=\"wp-image-2900\" srcset=\"https:\/\/periodismobahia.com.ar\/viento-sur\/wp-content\/uploads\/2019\/10\/WhatsApp-Image-2019-10-18-at-12.38.42.jpeg 600w, https:\/\/periodismobahia.com.ar\/viento-sur\/wp-content\/uploads\/2019\/10\/WhatsApp-Image-2019-10-18-at-12.38.42-200x300.jpeg 200w\" sizes=\"(max-width: 600px) 100vw, 600px\" \/><\/figure><\/li><li class=\"blocks-gallery-item\"><figure><img loading=\"lazy\" decoding=\"async\" width=\"600\" height=\"570\" src=\"http:\/\/periodismobahia.com.ar\/viento-sur\/wp-content\/uploads\/2019\/10\/WhatsApp-Image-2019-10-18-at-12.38.23.jpeg\" alt=\"\" data-id=\"2901\" data-link=\"http:\/\/periodismobahia.com.ar\/viento-sur\/?attachment_id=2901\" class=\"wp-image-2901\" srcset=\"https:\/\/periodismobahia.com.ar\/viento-sur\/wp-content\/uploads\/2019\/10\/WhatsApp-Image-2019-10-18-at-12.38.23.jpeg 600w, https:\/\/periodismobahia.com.ar\/viento-sur\/wp-content\/uploads\/2019\/10\/WhatsApp-Image-2019-10-18-at-12.38.23-300x285.jpeg 300w\" sizes=\"(max-width: 600px) 100vw, 600px\" \/><\/figure><\/li><li class=\"blocks-gallery-item\"><figure><img loading=\"lazy\" decoding=\"async\" width=\"682\" height=\"1024\" src=\"http:\/\/periodismobahia.com.ar\/viento-sur\/wp-content\/uploads\/2019\/10\/WhatsApp-Image-2019-10-18-at-13.01.08-682x1024.jpeg\" alt=\"\" data-id=\"2909\" data-link=\"http:\/\/periodismobahia.com.ar\/viento-sur\/?attachment_id=2909\" class=\"wp-image-2909\" srcset=\"https:\/\/periodismobahia.com.ar\/viento-sur\/wp-content\/uploads\/2019\/10\/WhatsApp-Image-2019-10-18-at-13.01.08-682x1024.jpeg 682w, https:\/\/periodismobahia.com.ar\/viento-sur\/wp-content\/uploads\/2019\/10\/WhatsApp-Image-2019-10-18-at-13.01.08-200x300.jpeg 200w, https:\/\/periodismobahia.com.ar\/viento-sur\/wp-content\/uploads\/2019\/10\/WhatsApp-Image-2019-10-18-at-13.01.08-768x1152.jpeg 768w, https:\/\/periodismobahia.com.ar\/viento-sur\/wp-content\/uploads\/2019\/10\/WhatsApp-Image-2019-10-18-at-13.01.08.jpeg 853w\" sizes=\"(max-width: 682px) 100vw, 682px\" \/><\/figure><\/li><\/ul>\n\n\n\n<p style=\"text-align:center\"><em>Fotograf\u00edas: Infobae.<\/em><\/p>\n\n\n\n<h4 class=\"wp-block-heading\">Los peores fueron:<\/h4>\n\n\n\n<ul><li>Nicole Neumann by Laurencio Adot<\/li><li>Moria Casan by Maureene Dinar<\/li><li>Minerva Caceros by Min Agostini<\/li><li>Alina Moine by Andrea Garrone<\/li><li>Anal\u00eda Maiorana by Javier Saiach<\/li><\/ul>\n\n\n\n<ul class=\"wp-block-gallery columns-3 is-cropped wp-block-gallery-2 is-layout-flex wp-block-gallery-is-layout-flex\"><li class=\"blocks-gallery-item\"><figure><img loading=\"lazy\" decoding=\"async\" width=\"600\" height=\"900\" src=\"http:\/\/periodismobahia.com.ar\/viento-sur\/wp-content\/uploads\/2019\/10\/WhatsApp-Image-2019-10-18-at-12.43.23.jpeg\" alt=\"\" data-id=\"2902\" data-link=\"http:\/\/periodismobahia.com.ar\/viento-sur\/?attachment_id=2902\" class=\"wp-image-2902\" srcset=\"https:\/\/periodismobahia.com.ar\/viento-sur\/wp-content\/uploads\/2019\/10\/WhatsApp-Image-2019-10-18-at-12.43.23.jpeg 600w, https:\/\/periodismobahia.com.ar\/viento-sur\/wp-content\/uploads\/2019\/10\/WhatsApp-Image-2019-10-18-at-12.43.23-200x300.jpeg 200w\" sizes=\"(max-width: 600px) 100vw, 600px\" \/><\/figure><\/li><li class=\"blocks-gallery-item\"><figure><img loading=\"lazy\" decoding=\"async\" width=\"600\" height=\"899\" src=\"http:\/\/periodismobahia.com.ar\/viento-sur\/wp-content\/uploads\/2019\/10\/WhatsApp-Image-2019-10-18-at-12.40.27.jpeg\" alt=\"\" data-id=\"2903\" data-link=\"http:\/\/periodismobahia.com.ar\/viento-sur\/?attachment_id=2903\" class=\"wp-image-2903\" srcset=\"https:\/\/periodismobahia.com.ar\/viento-sur\/wp-content\/uploads\/2019\/10\/WhatsApp-Image-2019-10-18-at-12.40.27.jpeg 600w, https:\/\/periodismobahia.com.ar\/viento-sur\/wp-content\/uploads\/2019\/10\/WhatsApp-Image-2019-10-18-at-12.40.27-200x300.jpeg 200w\" sizes=\"(max-width: 600px) 100vw, 600px\" \/><\/figure><\/li><li class=\"blocks-gallery-item\"><figure><img loading=\"lazy\" decoding=\"async\" width=\"600\" height=\"900\" src=\"http:\/\/periodismobahia.com.ar\/viento-sur\/wp-content\/uploads\/2019\/10\/WhatsApp-Image-2019-10-18-at-12.38.42-1.jpeg\" alt=\"\" data-id=\"2904\" data-link=\"http:\/\/periodismobahia.com.ar\/viento-sur\/?attachment_id=2904\" class=\"wp-image-2904\" srcset=\"https:\/\/periodismobahia.com.ar\/viento-sur\/wp-content\/uploads\/2019\/10\/WhatsApp-Image-2019-10-18-at-12.38.42-1.jpeg 600w, https:\/\/periodismobahia.com.ar\/viento-sur\/wp-content\/uploads\/2019\/10\/WhatsApp-Image-2019-10-18-at-12.38.42-1-200x300.jpeg 200w\" sizes=\"(max-width: 600px) 100vw, 600px\" \/><\/figure><\/li><li class=\"blocks-gallery-item\"><figure><img loading=\"lazy\" decoding=\"async\" width=\"682\" height=\"1024\" src=\"http:\/\/periodismobahia.com.ar\/viento-sur\/wp-content\/uploads\/2019\/10\/WhatsApp-Image-2019-10-18-at-12.34.31-682x1024.jpeg\" alt=\"\" data-id=\"2906\" data-link=\"http:\/\/periodismobahia.com.ar\/viento-sur\/?attachment_id=2906\" class=\"wp-image-2906\" srcset=\"https:\/\/periodismobahia.com.ar\/viento-sur\/wp-content\/uploads\/2019\/10\/WhatsApp-Image-2019-10-18-at-12.34.31-682x1024.jpeg 682w, https:\/\/periodismobahia.com.ar\/viento-sur\/wp-content\/uploads\/2019\/10\/WhatsApp-Image-2019-10-18-at-12.34.31-200x300.jpeg 200w, https:\/\/periodismobahia.com.ar\/viento-sur\/wp-content\/uploads\/2019\/10\/WhatsApp-Image-2019-10-18-at-12.34.31-768x1152.jpeg 768w, https:\/\/periodismobahia.com.ar\/viento-sur\/wp-content\/uploads\/2019\/10\/WhatsApp-Image-2019-10-18-at-12.34.31.jpeg 853w\" sizes=\"(max-width: 682px) 100vw, 682px\" \/><\/figure><\/li><li class=\"blocks-gallery-item\"><figure><img loading=\"lazy\" decoding=\"async\" width=\"600\" height=\"900\" src=\"http:\/\/periodismobahia.com.ar\/viento-sur\/wp-content\/uploads\/2019\/10\/WhatsApp-Image-2019-10-18-at-12.44.53.jpeg\" alt=\"\" data-id=\"2907\" data-link=\"http:\/\/periodismobahia.com.ar\/viento-sur\/?attachment_id=2907\" class=\"wp-image-2907\" srcset=\"https:\/\/periodismobahia.com.ar\/viento-sur\/wp-content\/uploads\/2019\/10\/WhatsApp-Image-2019-10-18-at-12.44.53.jpeg 600w, https:\/\/periodismobahia.com.ar\/viento-sur\/wp-content\/uploads\/2019\/10\/WhatsApp-Image-2019-10-18-at-12.44.53-200x300.jpeg 200w\" sizes=\"(max-width: 600px) 100vw, 600px\" \/><\/figure><\/li><\/ul>\n\n\n\n<p style=\"text-align:center\"><em>Fotograf\u00edas: Infobae.<\/em><\/p>\n\n\n\n<h4 class=\"wp-block-heading\">El detr\u00e1s de escena<\/h4>\n\n\n\n<p>La modelo Nicole Neumann fue capturada por las c\u00e1maras utilizando su telefono celular mientras Pampita se acercaba al escenario para recibir el premio. <\/p>\n\n\n\n<p>Adem\u00e1s Nicole, hizo una cobertura completa de la entrega de premios y la fue publicando a lo largo de la noche en su perfil de Instagram, aunque no comparti\u00f3 nada del momento en que Pampita recibi\u00f3 su reconocimento.<\/p>\n\n\n\n<p>Angel de Brito, no dej\u00f3 pasar esta situaci\u00f3n, y lo coment\u00f3 en su programa \u00abLos \u00e1ngeles de la ma\u00f1ana\u00bb junto a sus panelistas y esto comparti\u00f3 en sus redes sociales.<\/p>\n\n\n\n<figure class=\"wp-block-embed-twitter wp-block-embed is-type-rich is-provider-twitter\"><div class=\"wp-block-embed__wrapper\">\n<blockquote class=\"twitter-tweet\" data-width=\"550\" data-dnt=\"true\"><p lang=\"es\" dir=\"ltr\">Mientras Pampita gana, Nikita mira el  tel\u00e9fono <a href=\"https:\/\/twitter.com\/hashtag\/MartinFierrodelaModa?src=hash&amp;ref_src=twsrc%5Etfw\">#MartinFierrodelaModa<\/a> <a href=\"https:\/\/t.co\/tWwyIxQBQg\">pic.twitter.com\/tWwyIxQBQg<\/a><\/p>&mdash; A N G E L (@AngeldebritoOk) <a href=\"https:\/\/twitter.com\/AngeldebritoOk\/status\/1184799547630985218?ref_src=twsrc%5Etfw\">October 17, 2019<\/a><\/blockquote><script async src=\"https:\/\/platform.twitter.com\/widgets.js\" charset=\"utf-8\"><\/script>\n<\/div><\/figure>\n\n\n\n<div style=\"height:53px\" aria-hidden=\"true\" class=\"wp-block-spacer\"><\/div>\n\n\n\n<div class=\"wp-block-columns has-2-columns is-layout-flex wp-container-core-columns-is-layout-1 wp-block-columns-is-layout-flex\">\n<div class=\"wp-block-column is-layout-flow wp-block-column-is-layout-flow\">\n<p>Por otro lado, en las redes, no dejaron pasar por alto el comentario de la conductora y modelo Valeria Mazza.  <br><\/p>\n\n\n\n<p><strong>\u00abFelicidades a todas las chicas, son divinas, j\u00f3venes, lindas, flacas&#8230;\u00bb <\/strong><\/p>\n\n\n\n<p><\/p>\n<\/div>\n\n\n\n<div class=\"wp-block-column is-layout-flow wp-block-column-is-layout-flow\">\n<p>Despu\u00e9s de todas las cr\u00edticas que recibi\u00f3, sus amistades m\u00e1s cercanas la defendieron diciendo que se mal interpret\u00f3, y que seguro fue un chiste desacertado. <\/p>\n\n\n\n<p>Esto gener\u00f3 pol\u00e9mica ya que Valeria asoci\u00f3 la flacura con la belleza.<\/p>\n<\/div>\n<\/div>\n\n\n\n<div style=\"height:37px\" aria-hidden=\"true\" class=\"wp-block-spacer\"><\/div>\n\n\n\n<figure class=\"wp-block-embed-twitter wp-block-embed is-type-rich is-provider-twitter\"><div class=\"wp-block-embed__wrapper\">\nhttps:\/\/twitter.com\/LuisVenturaSoy\/status\/1184845899840872450?s=08\n<\/div><\/figure>\n\n\n\n<p>Por \u00faltimo, al finalizar la ceremonia el periodista y presidente de APTRA Luis Antonio Ventura expres\u00f3 v\u00eda Twitter, su felicidad por como se llevaron a cabo los premios. <\/p>\n\n\n\n<h3 class=\"wp-block-heading\">As\u00ed naci\u00f3 la moda en la humanidad <\/h3>\n\n\n\n<figure class=\"wp-block-embed-slideshare wp-block-embed is-type-rich is-provider-slideshare wp-embed-aspect-1-1 wp-has-aspect-ratio\"><div class=\"wp-block-embed__wrapper\">\n<iframe loading=\"lazy\" title=\"Historia de la moda \" src=\"https:\/\/www.slideshare.net\/slideshow\/embed_code\/key\/l4p3k2O1wi5tTv\" width=\"427\" height=\"356\" frameborder=\"0\" marginwidth=\"0\" marginheight=\"0\" scrolling=\"no\" style=\"border:1px solid #CCC; border-width:1px; margin-bottom:5px; max-width: 100%;\" allowfullscreen> <\/iframe> <div style=\"margin-bottom:5px\"> <strong> <a href=\"https:\/\/es.slideshare.net\/kathygutierrez357\/historia-de-la-moda-28448992\" title=\"Historia de la moda \" target=\"_blank\">Historia de la moda <\/a> <\/strong> from <strong><a href=\"https:\/\/www.slideshare.net\/kathygutierrez357\" target=\"_blank\">Kathy Gutierrez<\/a><\/strong> <\/div>\n<\/div><\/figure>\n","protected":false},"excerpt":{"rendered":"<p>Todos los premiados por los socios de APTRA. Los mejores y peores looks analizados por expertos. Los grandes artistas que pasaron por la alfombra verde y todo el detr\u00e1s de escena. El mi\u00e9rcoles 16 se celebr\u00f3 la primera edici\u00f3n de los Mart\u00edn Fierro de la Moda en el Tattersall de Palermo bajo la conducci\u00f3n de [&hellip;]<\/p>\n","protected":false},"author":3,"featured_media":2884,"comment_status":"closed","ping_status":"open","sticky":false,"template":"","format":"standard","meta":{"footnotes":""},"categories":[63],"tags":[42,383,46],"_links":{"self":[{"href":"https:\/\/periodismobahia.com.ar\/viento-sur\/index.php?rest_route=\/wp\/v2\/posts\/2883"}],"collection":[{"href":"https:\/\/periodismobahia.com.ar\/viento-sur\/index.php?rest_route=\/wp\/v2\/posts"}],"about":[{"href":"https:\/\/periodismobahia.com.ar\/viento-sur\/index.php?rest_route=\/wp\/v2\/types\/post"}],"author":[{"embeddable":true,"href":"https:\/\/periodismobahia.com.ar\/viento-sur\/index.php?rest_route=\/wp\/v2\/users\/3"}],"replies":[{"embeddable":true,"href":"https:\/\/periodismobahia.com.ar\/viento-sur\/index.php?rest_route=%2Fwp%2Fv2%2Fcomments&post=2883"}],"version-history":[{"count":7,"href":"https:\/\/periodismobahia.com.ar\/viento-sur\/index.php?rest_route=\/wp\/v2\/posts\/2883\/revisions"}],"predecessor-version":[{"id":3083,"href":"https:\/\/periodismobahia.com.ar\/viento-sur\/index.php?rest_route=\/wp\/v2\/posts\/2883\/revisions\/3083"}],"wp:featuredmedia":[{"embeddable":true,"href":"https:\/\/periodismobahia.com.ar\/viento-sur\/index.php?rest_route=\/wp\/v2\/media\/2884"}],"wp:attachment":[{"href":"https:\/\/periodismobahia.com.ar\/viento-sur\/index.php?rest_route=%2Fwp%2Fv2%2Fmedia&parent=2883"}],"wp:term":[{"taxonomy":"category","embeddable":true,"href":"https:\/\/periodismobahia.com.ar\/viento-sur\/index.php?rest_route=%2Fwp%2Fv2%2Fcategories&post=2883"},{"taxonomy":"post_tag","embeddable":true,"href":"https:\/\/periodismobahia.com.ar\/viento-sur\/index.php?rest_route=%2Fwp%2Fv2%2Ftags&post=2883"}],"curies":[{"name":"wp","href":"https:\/\/api.w.org\/{rel}","templated":true}]}}