{"id":2459,"date":"2018-11-12T19:23:44","date_gmt":"2018-11-12T19:23:44","guid":{"rendered":"http:\/\/periodismobahia.com.ar\/viento-sur\/?p=2459"},"modified":"2018-11-14T18:38:54","modified_gmt":"2018-11-14T18:38:54","slug":"punta-alta-permanente-sombra-de-la-base-naval-y-sucursal-de-bahia-blanca-o-ciudad-en-crecimiento","status":"publish","type":"post","link":"https:\/\/periodismobahia.com.ar\/viento-sur\/?p=2459","title":{"rendered":"Punta Alta: \u00bfPermanente sombra de la Base Naval y sucursal de Bah\u00eda Blanca o ciudad en crecimiento?"},"content":{"rendered":"<div>\n<h5><span style=\"font-family: 'georgia' , 'times new roman' , serif;font-size: x-large\">&nbsp;<\/span><span style=\"font-family: 'arial' , 'helvetica' , sans-serif\"><i>La ciudad es reconocida por estar cerca de Bah\u00eda Blanca, y al lado de la Base Naval Puerto Belgrano, aunque se dice que con la pol\u00edtica local actual podemos desarrollarnos cada d\u00eda m\u00e1s y de a poco tener una ciudad como nos merecemos.<\/i><\/span><\/h5>\n<\/div>\n<p><!--more--><\/p>\n<p class=\"separator\"><a href=\"https:\/\/1.bp.blogspot.com\/-DEJAQF6RKqM\/WXe6qMaHRHI\/AAAAAAAAAFg\/RyLDNDkFFLgJk6Y0m6n_iOWo-hQNL3XmQCLcBGAs\/s1600\/1-BA-CoronelRosales.jpg\"><img loading=\"lazy\" decoding=\"async\" class=\"alignright\" src=\"https:\/\/1.bp.blogspot.com\/-DEJAQF6RKqM\/WXe6qMaHRHI\/AAAAAAAAAFg\/RyLDNDkFFLgJk6Y0m6n_iOWo-hQNL3XmQCLcBGAs\/s200\/1-BA-CoronelRosales.jpg\" width=\"150\" height=\"200\" border=\"0\"><\/a><\/p>\n<div>\n<p><span style=\"font-family: 'arial' , 'helvetica' , sans-serif\">&nbsp;Punta Alta es una ciudad ubicada en el sudoeste de la provincia de Buenos Aires, Argentina. Tiene 119 a\u00f1os desde su fundaci\u00f3n (2 de julio de 1898),&nbsp;<\/span><span style=\"font-family: 'arial' , 'helvetica' , sans-serif\">es la cabecera del Partido de Coronel Rosales, y adem\u00e1s de ser la segunda ciudad con mayor poblaci\u00f3n en su regi\u00f3n.&nbsp;<\/span><\/p>\n<\/div>\n<div><\/div>\n<div><\/div>\n<div>\n<p><span style=\"font-family: 'arial' , 'helvetica' , sans-serif\">&nbsp;Estando muy cerca de Bah\u00eda Blanca y siendo tachada como su \u00absucursal\u00bb; tambi\u00e9n estando al lado de la Base Naval siendo en cierta manera su \u00absombra\u00bb. Pero, \u00bfpor qu\u00e9 se la conoce popularmente as\u00ed?; o mejor dicho, \u00bfpor qu\u00e9 sus ciudadanos se reconocen as\u00ed?.<br \/>\n<\/span><\/p>\n<\/div>\n<div>\n<p><span style=\"font-family: 'arial' , 'helvetica' , sans-serif\">&nbsp;Para m\u00ed, es porque no tenemos nada propio, nada aut\u00f3ctono. Las empresas que estaban ac\u00e1 cerraron (como el famoso caso de Caipal); y lo que tenemos no lo aprovechamos al m\u00e1ximo como se deber\u00eda (por ejemplo, Pehuen-C\u00f3 como localidad tur\u00edstica).&nbsp;<\/span><\/p>\n<\/div>\n<div><\/div>\n<div>\n<p><span style=\"font-family: 'arial' , 'helvetica' , sans-serif\"><a href=\"https:\/\/4.bp.blogspot.com\/-Y3xKOEeOMzY\/WXe1rC0lk2I\/AAAAAAAAAFU\/njdC8CXKelcQc1aWRmDTVCOJqJLfxQgywCEwYBhgL\/s1600\/Punta-Alta.jpg\"><img loading=\"lazy\" decoding=\"async\" class=\"alignleft\" src=\"https:\/\/4.bp.blogspot.com\/-Y3xKOEeOMzY\/WXe1rC0lk2I\/AAAAAAAAAFU\/njdC8CXKelcQc1aWRmDTVCOJqJLfxQgywCEwYBhgL\/s320\/Punta-Alta.jpg\" width=\"320\" height=\"233\" border=\"0\"><\/a>&nbsp;Para entretenerse se debe ir a Bah\u00eda (para ver pel\u00edculas en 3D, ir a comer a un tenedor libre o un local de comida r\u00e1pida como&nbsp;<\/span><span style=\"font-family: 'arial' , 'helvetica' , sans-serif\">McDonald&#8217;s<\/span>&nbsp;<span style=\"font-family: 'arial' , 'helvetica' , sans-serif\">o Mostaza<\/span><span style=\"font-family: 'arial' , 'helvetica' , sans-serif\">); para trabajar prefieren desempe\u00f1arse en la Base Naval, produciendo que la mayor\u00eda de la poblaci\u00f3n sea proveniente de otros lados o que se vaya de la ciudad por los pases. Quiz\u00e1s&nbsp;culpa de la gente que solo le interesa la infraestructura de la ciudad y en pagar sus boletas, y en el \u00e1mbito pol\u00edtico&nbsp;solo les importa al nivel provincia y nacional; o quiz\u00e1s por culpa de las \u00faltimas pol\u00edticas locales que no trataron de crecer y progresar.<\/span><\/p>\n<p><span style=\"font-family: arial, helvetica, sans-serif\">&nbsp; Aunque es obvio que esto se ve limitado tambi\u00e9n por lo que pase en Buenas Aires y en el pa\u00eds, pero no es excusa para que se ignore y no se busque un crecimiento de Punta Alta. Hay eventos culturales que no son considerados por los\/as puntaltenses, ya sea festivales de cine como 1000 Gritos o muestra de bandas.<\/span><\/p>\n<\/div>\n<div>\n<p><span style=\"font-family: 'arial' , 'helvetica' , sans-serif\">&nbsp;En la pol\u00edtica actual, con Mariano Uset como intendente, se ve que van a cumplir con el pedido de hace a\u00f1os, por parte de los ciudadanos, sobre pavimentar las calles, devolvi\u00f3 el Cinema a la ciudad, ampli\u00f3 las veredas del centro para que los restaurantes y dem\u00e1s tiendas tengan m\u00e1s espacio para su clientela (para algunos, un movimiento que s\u00f3lo favoreci\u00f3 a los\/as comerciantes y perjudico el tr\u00e1nsito vehicular; para otros fue un buen gesto para tener una mejor circulaci\u00f3n al caminar por el centro), y es felicitado por el gobierno bonaerense, adem\u00e1s de ser visitado en el \u00faltimo aniversario de la ciudad por&nbsp;<\/span><span style=\"font-family: 'arial' , 'helvetica' , sans-serif\">la gobernadora Eugenia Vidal y por&nbsp;<\/span><span style=\"font-family: 'arial' , 'helvetica' , sans-serif\">el vicegobernador Daniel Salvado.<\/span><\/p>\n<\/div>\n<div>\n<p><span style=\"font-family: 'arial' , 'helvetica' , sans-serif\">&nbsp;As\u00ed que s\u00f3lo queda esperar para ver s\u00ed la gente cambia su mirada de \u00abpueblo chico\u00bb y empieza a valorar lo aut\u00f3ctono, adem\u00e1s de que el gobierno local colabore realizando y fomentando m\u00e1s cambios significativos para que Punta Alta sea la ciudad que nos merecemos, que sea reconocida por s\u00ed misma y no por estar cerca a otra ciudad.<\/span><\/p>\n<\/div>\n<div>\n<p><span style=\"font-family: 'arial' , 'helvetica' , sans-serif\">&nbsp; &nbsp; &nbsp; &nbsp; &nbsp; &nbsp; &nbsp; &nbsp; &nbsp; &nbsp; &nbsp; &nbsp; &nbsp; &nbsp; &nbsp; &nbsp; &nbsp; &nbsp; &nbsp; &nbsp; &nbsp; &nbsp; &nbsp; &nbsp; &nbsp; &nbsp;&nbsp;<a href=\"https:\/\/2.bp.blogspot.com\/-o8BTYxTCAqo\/WXfyQDM7mjI\/AAAAAAAAAF0\/9u4TzOeqQuEOiKhIIsEy-2TOsB6uQhzggCLcBGAs\/s1600\/uset%25281%2529.jpg\"><img loading=\"lazy\" decoding=\"async\" class=\"aligncenter\" src=\"https:\/\/2.bp.blogspot.com\/-o8BTYxTCAqo\/WXfyQDM7mjI\/AAAAAAAAAF0\/9u4TzOeqQuEOiKhIIsEy-2TOsB6uQhzggCLcBGAs\/s320\/uset%25281%2529.jpg\" width=\"320\" height=\"178\" border=\"0\"><\/a><\/span><\/p>\n<p>Editado y publicado por Nahuel \u00abChino\u00bb Gonz\u00e1lez.<\/p>\n<\/div>\n","protected":false},"excerpt":{"rendered":"<p>&nbsp;La ciudad es reconocida por estar cerca de Bah\u00eda Blanca, y al lado de la Base Naval Puerto Belgrano, aunque se dice que con la pol\u00edtica local actual podemos desarrollarnos cada d\u00eda m\u00e1s y de a poco tener una ciudad como nos merecemos.<\/p>\n","protected":false},"author":3,"featured_media":2466,"comment_status":"closed","ping_status":"open","sticky":false,"template":"","format":"standard","meta":{"footnotes":""},"categories":[4,2],"tags":[30,297,339,298,296,202],"_links":{"self":[{"href":"https:\/\/periodismobahia.com.ar\/viento-sur\/index.php?rest_route=\/wp\/v2\/posts\/2459"}],"collection":[{"href":"https:\/\/periodismobahia.com.ar\/viento-sur\/index.php?rest_route=\/wp\/v2\/posts"}],"about":[{"href":"https:\/\/periodismobahia.com.ar\/viento-sur\/index.php?rest_route=\/wp\/v2\/types\/post"}],"author":[{"embeddable":true,"href":"https:\/\/periodismobahia.com.ar\/viento-sur\/index.php?rest_route=\/wp\/v2\/users\/3"}],"replies":[{"embeddable":true,"href":"https:\/\/periodismobahia.com.ar\/viento-sur\/index.php?rest_route=%2Fwp%2Fv2%2Fcomments&post=2459"}],"version-history":[{"count":4,"href":"https:\/\/periodismobahia.com.ar\/viento-sur\/index.php?rest_route=\/wp\/v2\/posts\/2459\/revisions"}],"predecessor-version":[{"id":2644,"href":"https:\/\/periodismobahia.com.ar\/viento-sur\/index.php?rest_route=\/wp\/v2\/posts\/2459\/revisions\/2644"}],"wp:featuredmedia":[{"embeddable":true,"href":"https:\/\/periodismobahia.com.ar\/viento-sur\/index.php?rest_route=\/wp\/v2\/media\/2466"}],"wp:attachment":[{"href":"https:\/\/periodismobahia.com.ar\/viento-sur\/index.php?rest_route=%2Fwp%2Fv2%2Fmedia&parent=2459"}],"wp:term":[{"taxonomy":"category","embeddable":true,"href":"https:\/\/periodismobahia.com.ar\/viento-sur\/index.php?rest_route=%2Fwp%2Fv2%2Fcategories&post=2459"},{"taxonomy":"post_tag","embeddable":true,"href":"https:\/\/periodismobahia.com.ar\/viento-sur\/index.php?rest_route=%2Fwp%2Fv2%2Ftags&post=2459"}],"curies":[{"name":"wp","href":"https:\/\/api.w.org\/{rel}","templated":true}]}}