{"id":1540,"date":"2018-09-24T22:59:40","date_gmt":"2018-09-24T22:59:40","guid":{"rendered":"http:\/\/periodismobahia.com.ar\/viento-sur\/?p=1540"},"modified":"2018-09-26T20:46:01","modified_gmt":"2018-09-26T20:46:01","slug":"educacion-sexual-integral","status":"publish","type":"post","link":"https:\/\/periodismobahia.com.ar\/viento-sur\/?p=1540","title":{"rendered":"\u00bfQu\u00e9 va a pasar con la Ley de ESI?"},"content":{"rendered":"<p><span style=\"font-weight: 400\">Aunque la C\u00e1mara de Diputadxs haya votado en unanimidad para realizar reformas a la Ley 26.150 de Educaci\u00f3n Sexual Integral siguen apareciendo \u00a0formas de manifestaci\u00f3n en contra de que esta ley siga existiendo y que se aplique de parte de los grupos m\u00e1s conservadores de la sociedad.<\/span><!--more--><\/p>\n<figure id=\"attachment_1584\" aria-describedby=\"caption-attachment-1584\" style=\"width: 930px\" class=\"wp-caption aligncenter\"><img loading=\"lazy\" decoding=\"async\" class=\"wp-image-1584 size-full\" title=\"Plenario para la reforma de la ley.\" src=\"http:\/\/periodismobahia.com.ar\/viento-sur\/wp-content\/uploads\/2018\/09\/plenario-diputades.jpg\" alt=\"\" width=\"930\" height=\"525\" srcset=\"https:\/\/periodismobahia.com.ar\/viento-sur\/wp-content\/uploads\/2018\/09\/plenario-diputades.jpg 930w, https:\/\/periodismobahia.com.ar\/viento-sur\/wp-content\/uploads\/2018\/09\/plenario-diputades-300x169.jpg 300w, https:\/\/periodismobahia.com.ar\/viento-sur\/wp-content\/uploads\/2018\/09\/plenario-diputades-768x434.jpg 768w\" sizes=\"(max-width: 930px) 100vw, 930px\" \/><figcaption id=\"caption-attachment-1584\" class=\"wp-caption-text\">Plenario para la reforma de la Ley de Educaci\u00f3n Sexual Integral. (Foto: Clar\u00edn)<\/figcaption><\/figure>\n<p><span style=\"font-weight: 400\">En menos de un mes, el 23 de Octubre de este a\u00f1o, se cumplir\u00e1n <strong>12 a\u00f1os<\/strong> de la sanci\u00f3n de la Ley de Educaci\u00f3n Sexual Integral en Argentina. Ya 12 a\u00f1os y, sin embargo, esta ley nunca se vio aplicada en su totalidad. Los grupos conservadores que optan por poner <em>sus creencias religiosas por delante de la salud p\u00fablica<\/em> hicieron de la Educaci\u00f3n Sexual un calvario para los y las maestrxs que quisieron aplicarlas en su momento e incluso ahora. <\/span><\/p>\n<p><span style=\"font-weight: 400\">Este a\u00f1o el pa\u00eds dio un enorme paso, el de poder llevar al Congreso una discusi\u00f3n que involucra a todas las mujeres y cuerpos gestantes de Argentina, el debate por el aborto seguro, legal y gratuito. Entre el 8 y el 9 de Agosto las personas que vimos el debate por los medios e incluso aquellas que estuvieron en la puerta del Congreso velando toda la noche y madrugada, notamos que, cada vez, la idea de que saliera esta ley parec\u00eda m\u00e1s lejana. Los y las senadorxs que mostraban su oposici\u00f3n a este proyecto utilizaban un argumento que, si bien no era lo que se ped\u00eda, simbolizaba un avance en el terreno de la salud p\u00fablica.<\/span><\/p>\n<figure id=\"attachment_1615\" aria-describedby=\"caption-attachment-1615\" style=\"width: 680px\" class=\"wp-caption aligncenter\"><img loading=\"lazy\" decoding=\"async\" class=\"size-full wp-image-1615\" src=\"http:\/\/periodismobahia.com.ar\/viento-sur\/wp-content\/uploads\/2018\/09\/marcha-aborto-legal.jpg\" alt=\"\" width=\"680\" height=\"453\" srcset=\"https:\/\/periodismobahia.com.ar\/viento-sur\/wp-content\/uploads\/2018\/09\/marcha-aborto-legal.jpg 680w, https:\/\/periodismobahia.com.ar\/viento-sur\/wp-content\/uploads\/2018\/09\/marcha-aborto-legal-300x200.jpg 300w, https:\/\/periodismobahia.com.ar\/viento-sur\/wp-content\/uploads\/2018\/09\/marcha-aborto-legal-600x400.jpg 600w\" sizes=\"(max-width: 680px) 100vw, 680px\" \/><figcaption id=\"caption-attachment-1615\" class=\"wp-caption-text\">Manifestaci\u00f3n a favor del aborto seguro, legal y gratuito. (Foto: Infocielo)<\/figcaption><\/figure>\n<p><span style=\"font-weight: 400\">Lejos de dejar decidir a las mujeres y cuerpos gestantes sobre sus vidas, <em>los y las opositorxs dijeron que los abortos clandestinos se combat\u00edan no legaliz\u00e1ndolos, sino con una educaci\u00f3n sexual desde un primer momento.<\/em><\/span><\/p>\n<p><span style=\"font-weight: 400\">Finalmente la ley no sali\u00f3, la mayor\u00eda de lxs presentes optaron porque no era la mejor alternativa.<\/span><\/p>\n<figure id=\"attachment_1614\" aria-describedby=\"caption-attachment-1614\" style=\"width: 840px\" class=\"wp-caption aligncenter\"><img loading=\"lazy\" decoding=\"async\" class=\"size-full wp-image-1614\" src=\"http:\/\/periodismobahia.com.ar\/viento-sur\/wp-content\/uploads\/2018\/09\/marcha-aborto-legal-2.jpg\" alt=\"\" width=\"840\" height=\"472\" srcset=\"https:\/\/periodismobahia.com.ar\/viento-sur\/wp-content\/uploads\/2018\/09\/marcha-aborto-legal-2.jpg 840w, https:\/\/periodismobahia.com.ar\/viento-sur\/wp-content\/uploads\/2018\/09\/marcha-aborto-legal-2-300x169.jpg 300w, https:\/\/periodismobahia.com.ar\/viento-sur\/wp-content\/uploads\/2018\/09\/marcha-aborto-legal-2-768x432.jpg 768w\" sizes=\"(max-width: 840px) 100vw, 840px\" \/><figcaption id=\"caption-attachment-1614\" class=\"wp-caption-text\">Mujeres reclamando sus derechos sobre sus cuerpos. (Foto: Perfil)<\/figcaption><\/figure>\n<p><span style=\"font-weight: 400\">De todas formas, todxs o\u00edmos de las bocas de lxs opositorxs palabras que parec\u00edan irreales pero era lo \u00fanico que nos quedaba, <em>\u201cesto se tiene que solucionar con educaci\u00f3n sexual\u201d<\/em>.<\/span><\/p>\n<p><span style=\"font-weight: 400\">A casi dos meses de el debate por un aborto legal nos damos cuenta de que esas palabras fueron tan falsas como sonaron en su momento. Las personas de la oposici\u00f3n ahora intentan argumentar la necesidad de una ley de educaci\u00f3n sexual que eduque desde el amor y no desde la salud. Y aquellas personas que lucharon por un aborto legal hace algunos meses, <strong>ahora comenzar\u00e1n a luchar porque la educaci\u00f3n sexual se convierta en una ley de orden p\u00fablico, lo que significa que su aplicaci\u00f3n ser\u00e1 obligatoria en todos los colegios<\/strong>, ya sean de gesti\u00f3n estatal o privada. Entre los puntos m\u00e1s importantes de la reforma se busca lograr que los contenidos curriculares sean \u201claicos y cient\u00edficos\u201d y que se elimine la posibilidad de que cada escuela los adapte para que coincida con sus ideolog\u00edas, de este modo cada estudiante recibir\u00e1 la informaci\u00f3n de la forma m\u00e1s objetiva y exacta posible, apartando cualquier tipo de pensamiento religioso.<\/span><\/p>\n<p><span style=\"font-weight: 400\">De momento solo queda esperar el momento de ver si se permiten las reformas a la ley y si aun as\u00ed siguen existiendo esos obst\u00e1culos que hicieron imposible su aplicaci\u00f3n en las escuelas en la \u00faltima d\u00e9cada. Si hay algo que debemos entender es que <strong>esto es un asunto de salud p\u00fablica y que no debe ser tomado como un juego<\/strong>, esta en el derecho de cada ni\u00f1o, ni\u00f1a y adolescente tener conocimientos en la materia para poder tener una vida plena y sana. <\/span><\/p>\n<p><span style=\"font-weight: 400\">Ninguna iglesia ni religi\u00f3n deber\u00eda tener el poder de influir en la educaci\u00f3n de ning\u00fan ni\u00f1o, ni\u00f1a o adolescente, ni mucho menos en la forma negativa que intentan imponer. Son <strong>totalmente imprudentes y desinformativos<\/strong> los argumentos que estuvieron saliendo a la luz en los \u00faltimos d\u00edas, en especial el caso del audio an\u00f3nimo diciendo que en los colegios iban a obligar a los y las chicxs a <strong>desnudarse y masturbarse en frente de los y las docentes<\/strong>, locura que tuvo que ser desmentida por la <em>Secretar\u00eda de Innovaci\u00f3n y Calidad Educativa del Ministerio de Educaci\u00f3n.\u00a0<\/em><\/span><\/p>\n<p>&nbsp;<\/p>\n<p>Autor; Luciano Viale.<\/p>\n<p>&nbsp;<\/p>\n<p>&nbsp;<\/p>\n","protected":false},"excerpt":{"rendered":"<p>Aunque la C\u00e1mara de Diputadxs haya votado en unanimidad para realizar reformas a la Ley 26.150 de Educaci\u00f3n Sexual Integral siguen apareciendo \u00a0formas de manifestaci\u00f3n en contra de que esta ley siga existiendo y que se aplique de parte de los grupos m\u00e1s conservadores de la sociedad.<\/p>\n","protected":false},"author":3,"featured_media":1574,"comment_status":"closed","ping_status":"open","sticky":false,"template":"","format":"standard","meta":{"footnotes":""},"categories":[4,2],"tags":[51,57,159,190,189,14,187,188,192,191,186],"_links":{"self":[{"href":"https:\/\/periodismobahia.com.ar\/viento-sur\/index.php?rest_route=\/wp\/v2\/posts\/1540"}],"collection":[{"href":"https:\/\/periodismobahia.com.ar\/viento-sur\/index.php?rest_route=\/wp\/v2\/posts"}],"about":[{"href":"https:\/\/periodismobahia.com.ar\/viento-sur\/index.php?rest_route=\/wp\/v2\/types\/post"}],"author":[{"embeddable":true,"href":"https:\/\/periodismobahia.com.ar\/viento-sur\/index.php?rest_route=\/wp\/v2\/users\/3"}],"replies":[{"embeddable":true,"href":"https:\/\/periodismobahia.com.ar\/viento-sur\/index.php?rest_route=%2Fwp%2Fv2%2Fcomments&post=1540"}],"version-history":[{"count":9,"href":"https:\/\/periodismobahia.com.ar\/viento-sur\/index.php?rest_route=\/wp\/v2\/posts\/1540\/revisions"}],"predecessor-version":[{"id":1621,"href":"https:\/\/periodismobahia.com.ar\/viento-sur\/index.php?rest_route=\/wp\/v2\/posts\/1540\/revisions\/1621"}],"wp:featuredmedia":[{"embeddable":true,"href":"https:\/\/periodismobahia.com.ar\/viento-sur\/index.php?rest_route=\/wp\/v2\/media\/1574"}],"wp:attachment":[{"href":"https:\/\/periodismobahia.com.ar\/viento-sur\/index.php?rest_route=%2Fwp%2Fv2%2Fmedia&parent=1540"}],"wp:term":[{"taxonomy":"category","embeddable":true,"href":"https:\/\/periodismobahia.com.ar\/viento-sur\/index.php?rest_route=%2Fwp%2Fv2%2Fcategories&post=1540"},{"taxonomy":"post_tag","embeddable":true,"href":"https:\/\/periodismobahia.com.ar\/viento-sur\/index.php?rest_route=%2Fwp%2Fv2%2Ftags&post=1540"}],"curies":[{"name":"wp","href":"https:\/\/api.w.org\/{rel}","templated":true}]}}