{"id":1349,"date":"2017-11-06T19:03:41","date_gmt":"2017-11-06T19:03:41","guid":{"rendered":"http:\/\/periodismobahia.com.ar\/viento-sur\/?p=1349"},"modified":"2017-11-13T12:27:49","modified_gmt":"2017-11-13T12:27:49","slug":"el-teatro-colon-y-su-maravilla","status":"publish","type":"post","link":"https:\/\/periodismobahia.com.ar\/viento-sur\/?p=1349","title":{"rendered":"El teatro Col\u00f3n y su maravilla"},"content":{"rendered":"<p>Por su tama\u00f1o, ac\u00fastica\u200b y trayectoria, el Teatro Col\u00f3n est\u00e1 considerado uno de los cinco mejores del mundo. Construido en 1889 e inaugurado en 1908, con una capacidad de 2487 espectadores sentados, este teatro posee la sala con la mejor ac\u00fastica para \u00f3pera y la segunda mejor para conciertos del mundo.<\/p>\n<p><!--more--><\/p>\n<p><img loading=\"lazy\" decoding=\"async\" class=\"aligncenter size-full wp-image-1353\" src=\"http:\/\/periodismobahia.com.ar\/viento-sur\/wp-content\/uploads\/2017\/11\/1-1.jpg\" alt=\"\" width=\"739\" height=\"683\" srcset=\"https:\/\/periodismobahia.com.ar\/viento-sur\/wp-content\/uploads\/2017\/11\/1-1.jpg 739w, https:\/\/periodismobahia.com.ar\/viento-sur\/wp-content\/uploads\/2017\/11\/1-1-300x277.jpg 300w\" sizes=\"(max-width: 739px) 100vw, 739px\" \/><\/p>\n<p>Alumnos de segundo a\u00f1o de la carrera de periodismo viajaron a Buenos Aires en el marco de un viaje de estudio con el fin de conocer distintos lugares, el teatro Col\u00f3n fue una de las actividades m\u00e1s interesantes.<\/p>\n<p><img loading=\"lazy\" decoding=\"async\" class=\"aligncenter size-full wp-image-1354\" src=\"http:\/\/periodismobahia.com.ar\/viento-sur\/wp-content\/uploads\/2017\/11\/2.jpg\" alt=\"\" width=\"921\" height=\"675\" srcset=\"https:\/\/periodismobahia.com.ar\/viento-sur\/wp-content\/uploads\/2017\/11\/2.jpg 921w, https:\/\/periodismobahia.com.ar\/viento-sur\/wp-content\/uploads\/2017\/11\/2-300x220.jpg 300w, https:\/\/periodismobahia.com.ar\/viento-sur\/wp-content\/uploads\/2017\/11\/2-768x563.jpg 768w\" sizes=\"(max-width: 921px) 100vw, 921px\" \/><\/p>\n<p>La visita guiada no dur\u00f3 m\u00e1s de 45 minutos en la cual se pudo observar la entrada principal, distintas salones, palcos y la sala principal. Su belleza era extraordinaria.<\/p>\n<p><img loading=\"lazy\" decoding=\"async\" class=\"aligncenter size-full wp-image-1355\" src=\"http:\/\/periodismobahia.com.ar\/viento-sur\/wp-content\/uploads\/2017\/11\/3.jpg\" alt=\"\" width=\"863\" height=\"685\" srcset=\"https:\/\/periodismobahia.com.ar\/viento-sur\/wp-content\/uploads\/2017\/11\/3.jpg 863w, https:\/\/periodismobahia.com.ar\/viento-sur\/wp-content\/uploads\/2017\/11\/3-300x238.jpg 300w, https:\/\/periodismobahia.com.ar\/viento-sur\/wp-content\/uploads\/2017\/11\/3-768x610.jpg 768w\" sizes=\"(max-width: 863px) 100vw, 863px\" \/><\/p>\n<p>La c\u00fapula principal se rob\u00f3 toda la atenci\u00f3n, aunque algunas ara\u00f1as y luces tambi\u00e9n formaron parte del centro de atenci\u00f3n.<\/p>\n<p><img loading=\"lazy\" decoding=\"async\" class=\"aligncenter size-full wp-image-1356\" src=\"http:\/\/periodismobahia.com.ar\/viento-sur\/wp-content\/uploads\/2017\/11\/4.jpg\" alt=\"\" width=\"931\" height=\"677\" srcset=\"https:\/\/periodismobahia.com.ar\/viento-sur\/wp-content\/uploads\/2017\/11\/4.jpg 931w, https:\/\/periodismobahia.com.ar\/viento-sur\/wp-content\/uploads\/2017\/11\/4-300x218.jpg 300w, https:\/\/periodismobahia.com.ar\/viento-sur\/wp-content\/uploads\/2017\/11\/4-768x558.jpg 768w\" sizes=\"(max-width: 931px) 100vw, 931px\" \/><\/p>\n<p>Si bien el teatro Col\u00f3n inici\u00f3 en 2006 un trabajo de restauraci\u00f3n plena que se extendi\u00f3 hasta 2010, cuando fue reinaugurado el 24 de mayo en conmemoraci\u00f3n del Bicentenario de la Argentina se trat\u00f3 de conservar la mayor\u00eda de las cosas tal cual estaba.<\/p>\n<p><a href=\"http:\/\/periodismobahia.com.ar\/viento-sur\/wp-content\/uploads\/2017\/11\/5.jpg\"><img loading=\"lazy\" decoding=\"async\" class=\"aligncenter size-full wp-image-1357\" src=\"http:\/\/periodismobahia.com.ar\/viento-sur\/wp-content\/uploads\/2017\/11\/5.jpg\" alt=\"\" width=\"913\" height=\"669\" srcset=\"https:\/\/periodismobahia.com.ar\/viento-sur\/wp-content\/uploads\/2017\/11\/5.jpg 913w, https:\/\/periodismobahia.com.ar\/viento-sur\/wp-content\/uploads\/2017\/11\/5-300x220.jpg 300w, https:\/\/periodismobahia.com.ar\/viento-sur\/wp-content\/uploads\/2017\/11\/5-768x563.jpg 768w\" sizes=\"(max-width: 913px) 100vw, 913px\" \/><\/a><\/p>\n<p><em>L\u00f3pez Macarena<\/em><\/p>\n","protected":false},"excerpt":{"rendered":"<p>Por su tama\u00f1o, ac\u00fastica\u200b y trayectoria, el Teatro Col\u00f3n est\u00e1 considerado uno de los cinco mejores del mundo. Construido en 1889 e inaugurado en 1908, con una capacidad de 2487 espectadores sentados, este teatro posee la sala con la mejor ac\u00fastica para \u00f3pera y la segunda mejor para conciertos del mundo.<\/p>\n","protected":false},"author":3,"featured_media":1352,"comment_status":"closed","ping_status":"open","sticky":false,"template":"","format":"standard","meta":{"footnotes":""},"categories":[2,108],"tags":[137,147,136],"_links":{"self":[{"href":"https:\/\/periodismobahia.com.ar\/viento-sur\/index.php?rest_route=\/wp\/v2\/posts\/1349"}],"collection":[{"href":"https:\/\/periodismobahia.com.ar\/viento-sur\/index.php?rest_route=\/wp\/v2\/posts"}],"about":[{"href":"https:\/\/periodismobahia.com.ar\/viento-sur\/index.php?rest_route=\/wp\/v2\/types\/post"}],"author":[{"embeddable":true,"href":"https:\/\/periodismobahia.com.ar\/viento-sur\/index.php?rest_route=\/wp\/v2\/users\/3"}],"replies":[{"embeddable":true,"href":"https:\/\/periodismobahia.com.ar\/viento-sur\/index.php?rest_route=%2Fwp%2Fv2%2Fcomments&post=1349"}],"version-history":[{"count":4,"href":"https:\/\/periodismobahia.com.ar\/viento-sur\/index.php?rest_route=\/wp\/v2\/posts\/1349\/revisions"}],"predecessor-version":[{"id":1386,"href":"https:\/\/periodismobahia.com.ar\/viento-sur\/index.php?rest_route=\/wp\/v2\/posts\/1349\/revisions\/1386"}],"wp:featuredmedia":[{"embeddable":true,"href":"https:\/\/periodismobahia.com.ar\/viento-sur\/index.php?rest_route=\/wp\/v2\/media\/1352"}],"wp:attachment":[{"href":"https:\/\/periodismobahia.com.ar\/viento-sur\/index.php?rest_route=%2Fwp%2Fv2%2Fmedia&parent=1349"}],"wp:term":[{"taxonomy":"category","embeddable":true,"href":"https:\/\/periodismobahia.com.ar\/viento-sur\/index.php?rest_route=%2Fwp%2Fv2%2Fcategories&post=1349"},{"taxonomy":"post_tag","embeddable":true,"href":"https:\/\/periodismobahia.com.ar\/viento-sur\/index.php?rest_route=%2Fwp%2Fv2%2Ftags&post=1349"}],"curies":[{"name":"wp","href":"https:\/\/api.w.org\/{rel}","templated":true}]}}