{"id":1337,"date":"2017-11-06T02:48:14","date_gmt":"2017-11-06T02:48:14","guid":{"rendered":"http:\/\/periodismobahia.com.ar\/viento-sur\/?p=1337"},"modified":"2017-11-13T12:28:04","modified_gmt":"2017-11-13T12:28:04","slug":"el-campo-y-los-animales-una-tradicion-en-villa-bordeu","status":"publish","type":"post","link":"https:\/\/periodismobahia.com.ar\/viento-sur\/?p=1337","title":{"rendered":"El campo y los animales, una tradici\u00f3n en Villa Bordeu"},"content":{"rendered":"<h3>Desde el 28 de septiembre hasta el 2 de octubre inclusive, se realiz\u00f3 en nuestra ciudad la muestra n\u00famero 133\u00b0 organizada por la <em>Sociedad Rural.<\/em><\/h3>\n<p><!--more--><\/p>\n<figure id=\"attachment_1338\" aria-describedby=\"caption-attachment-1338\" style=\"width: 308px\" class=\"wp-caption aligncenter\"><img loading=\"lazy\" decoding=\"async\" class=\"wp-image-1338\" src=\"http:\/\/periodismobahia.com.ar\/viento-sur\/wp-content\/uploads\/2017\/11\/rural.jpg\" alt=\"Trabajadores ba\u00f1ando a animales y sec\u00e1ndolos\" width=\"308\" height=\"427\" srcset=\"https:\/\/periodismobahia.com.ar\/viento-sur\/wp-content\/uploads\/2017\/11\/rural.jpg 800w, https:\/\/periodismobahia.com.ar\/viento-sur\/wp-content\/uploads\/2017\/11\/rural-216x300.jpg 216w, https:\/\/periodismobahia.com.ar\/viento-sur\/wp-content\/uploads\/2017\/11\/rural-768x1067.jpg 768w, https:\/\/periodismobahia.com.ar\/viento-sur\/wp-content\/uploads\/2017\/11\/rural-737x1024.jpg 737w\" sizes=\"(max-width: 308px) 100vw, 308px\" \/><figcaption id=\"caption-attachment-1338\" class=\"wp-caption-text\">Trabajadores ba\u00f1ando a animales y sec\u00e1ndolos<\/figcaption><\/figure>\n<p>Asist\u00ed por segundo a\u00f1o consecutivo y encontr\u00e9 nuevos atractivos como <strong>stands de comidas, juegos para chicos, exhibici\u00f3n de veh\u00edculos, y, por supuesto, actividades vinculadas al sector.<\/strong> A diferencia de la vez anterior, llegue a la exposici\u00f3n el segundo d\u00eda, cuando muchos de los animales todav\u00eda no hab\u00edan llegado. De todas formas pude ver toros, ovinos, caballos y tambi\u00e9n vacas, y en este tema quiero detenerme, porque si hay algo que me llamo la atenci\u00f3n fue el tratamiento hacia ellos.<\/p>\n<p>Nac\u00ed y me cri\u00e9 en la ciudad, recuerdo haber ido muy pocas veces al campo y ning\u00fan integrante de mi familia se dedica a la ganader\u00eda. Quiz\u00e1 por la ignorancia o por no haberlo visto antes, nunca imagine que pod\u00edan llegar a ba\u00f1ar, secar y <strong>\u00a1hasta cortarle el pelo con una maquinita!<\/strong> a un toro. Esto logr\u00f3 captar toda mi atenci\u00f3n, de hecho volv\u00ed varias veces al lugar para ver c\u00f3mo quedaba posteriormente a la limpieza y para aprovechar a sacar fotos. Poder presenciarlo fue lo que hizo que durante las dos horas que estuve recorriendo, no deje de pensar en eso.<\/p>\n<p>La situaci\u00f3n que pude ver fue muy agradable, <strong>se trataba a los animales con mucha paciencia y lo hac\u00edan al aire libre, facilitando as\u00ed a que las personas vean dicho tratamiento.<\/strong> Comenzaban ba\u00f1\u00e1ndolos con una especie de hidrolavadora de alta presi\u00f3n, luego segu\u00eda el turno de secarlos con un secador met\u00e1lico para quitar el agua y finalmente les cortaban el pelo con la ayuda de una cortadora de cabello profesional. Una vez listo el animal, lo llevaban a su corral.<\/p>\n<p>Esta vez fue diferente. Adem\u00e1s de ver locales de comida e indumentaria o decenas de animales, pude presenciar actividades que no hab\u00eda visto anteriormente y <strong>volv\u00ed a mi casa con nuevos conocimientos.<\/strong> Eso es lo importante, asistir a un evento no solo para mirar e irse, sino tambi\u00e9n para poder incorporar nueva informaci\u00f3n.<\/p>\n<h5>Basualdo Camila<br \/>\nBuhlman Victoria<\/h5>\n","protected":false},"excerpt":{"rendered":"<p>Desde el 28 de septiembre hasta el 2 de octubre inclusive, se realiz\u00f3 en nuestra ciudad la muestra n\u00famero 133\u00b0 organizada por la Sociedad Rural.<\/p>\n","protected":false},"author":3,"featured_media":1339,"comment_status":"closed","ping_status":"open","sticky":false,"template":"","format":"standard","meta":{"footnotes":""},"categories":[2],"tags":[],"_links":{"self":[{"href":"https:\/\/periodismobahia.com.ar\/viento-sur\/index.php?rest_route=\/wp\/v2\/posts\/1337"}],"collection":[{"href":"https:\/\/periodismobahia.com.ar\/viento-sur\/index.php?rest_route=\/wp\/v2\/posts"}],"about":[{"href":"https:\/\/periodismobahia.com.ar\/viento-sur\/index.php?rest_route=\/wp\/v2\/types\/post"}],"author":[{"embeddable":true,"href":"https:\/\/periodismobahia.com.ar\/viento-sur\/index.php?rest_route=\/wp\/v2\/users\/3"}],"replies":[{"embeddable":true,"href":"https:\/\/periodismobahia.com.ar\/viento-sur\/index.php?rest_route=%2Fwp%2Fv2%2Fcomments&post=1337"}],"version-history":[{"count":4,"href":"https:\/\/periodismobahia.com.ar\/viento-sur\/index.php?rest_route=\/wp\/v2\/posts\/1337\/revisions"}],"predecessor-version":[{"id":1387,"href":"https:\/\/periodismobahia.com.ar\/viento-sur\/index.php?rest_route=\/wp\/v2\/posts\/1337\/revisions\/1387"}],"wp:featuredmedia":[{"embeddable":true,"href":"https:\/\/periodismobahia.com.ar\/viento-sur\/index.php?rest_route=\/wp\/v2\/media\/1339"}],"wp:attachment":[{"href":"https:\/\/periodismobahia.com.ar\/viento-sur\/index.php?rest_route=%2Fwp%2Fv2%2Fmedia&parent=1337"}],"wp:term":[{"taxonomy":"category","embeddable":true,"href":"https:\/\/periodismobahia.com.ar\/viento-sur\/index.php?rest_route=%2Fwp%2Fv2%2Fcategories&post=1337"},{"taxonomy":"post_tag","embeddable":true,"href":"https:\/\/periodismobahia.com.ar\/viento-sur\/index.php?rest_route=%2Fwp%2Fv2%2Ftags&post=1337"}],"curies":[{"name":"wp","href":"https:\/\/api.w.org\/{rel}","templated":true}]}}