{"id":1270,"date":"2017-11-03T21:04:17","date_gmt":"2017-11-03T21:04:17","guid":{"rendered":"http:\/\/periodismobahia.com.ar\/viento-sur\/?p=1270"},"modified":"2017-11-03T21:04:17","modified_gmt":"2017-11-03T21:04:17","slug":"una-radio-para-la-gente-sin-voz","status":"publish","type":"post","link":"https:\/\/periodismobahia.com.ar\/viento-sur\/?p=1270","title":{"rendered":"Una radio para la gente sin voz."},"content":{"rendered":"<p>Paula Ercoli y Emiliano Randazzo, son la voz de una generaci\u00f3n que tiende a perderse y a estar fuera del foco central del universo pol\u00edtico.<!--more--><\/p>\n<p>FM de la calle, es para quienes no saben, una de las radios que dentro de la ciudad de Bah\u00eda Blanca cumple con una funci\u00f3n vital e importante, que es la de brindar informaci\u00f3n, pero no sol de manera period\u00edstica, sino dando la oportunidad a que las grandes masas puedan colaborar y no ser apartadas ni marginadas de su opini\u00f3n, y por sobre todo, en una sociedad que suele actuar bajo el poder hegemon\u00eda y apagando a las voces de la libertad.<\/p>\n<p>Uno de los aspectos mas llamativos de la historia de la mencionada radio, fue el hecho de la convocatoria, por parte de figuras destacadas contando su visi\u00f3n social de la realidad de aquellos tiempos.<\/p>\n<p>Ripoll, Mondino.<\/p>\n","protected":false},"excerpt":{"rendered":"<p>Paula Ercoli y Emiliano Randazzo, son la voz de una generaci\u00f3n que tiende a perderse y a estar fuera del foco central del universo pol\u00edtico.<\/p>\n","protected":false},"author":3,"featured_media":1271,"comment_status":"closed","ping_status":"open","sticky":false,"template":"","format":"standard","meta":{"footnotes":""},"categories":[2],"tags":[],"_links":{"self":[{"href":"https:\/\/periodismobahia.com.ar\/viento-sur\/index.php?rest_route=\/wp\/v2\/posts\/1270"}],"collection":[{"href":"https:\/\/periodismobahia.com.ar\/viento-sur\/index.php?rest_route=\/wp\/v2\/posts"}],"about":[{"href":"https:\/\/periodismobahia.com.ar\/viento-sur\/index.php?rest_route=\/wp\/v2\/types\/post"}],"author":[{"embeddable":true,"href":"https:\/\/periodismobahia.com.ar\/viento-sur\/index.php?rest_route=\/wp\/v2\/users\/3"}],"replies":[{"embeddable":true,"href":"https:\/\/periodismobahia.com.ar\/viento-sur\/index.php?rest_route=%2Fwp%2Fv2%2Fcomments&post=1270"}],"version-history":[{"count":1,"href":"https:\/\/periodismobahia.com.ar\/viento-sur\/index.php?rest_route=\/wp\/v2\/posts\/1270\/revisions"}],"predecessor-version":[{"id":1272,"href":"https:\/\/periodismobahia.com.ar\/viento-sur\/index.php?rest_route=\/wp\/v2\/posts\/1270\/revisions\/1272"}],"wp:featuredmedia":[{"embeddable":true,"href":"https:\/\/periodismobahia.com.ar\/viento-sur\/index.php?rest_route=\/wp\/v2\/media\/1271"}],"wp:attachment":[{"href":"https:\/\/periodismobahia.com.ar\/viento-sur\/index.php?rest_route=%2Fwp%2Fv2%2Fmedia&parent=1270"}],"wp:term":[{"taxonomy":"category","embeddable":true,"href":"https:\/\/periodismobahia.com.ar\/viento-sur\/index.php?rest_route=%2Fwp%2Fv2%2Fcategories&post=1270"},{"taxonomy":"post_tag","embeddable":true,"href":"https:\/\/periodismobahia.com.ar\/viento-sur\/index.php?rest_route=%2Fwp%2Fv2%2Ftags&post=1270"}],"curies":[{"name":"wp","href":"https:\/\/api.w.org\/{rel}","templated":true}]}}