{"id":1261,"date":"2017-11-03T19:47:44","date_gmt":"2017-11-03T19:47:44","guid":{"rendered":"http:\/\/periodismobahia.com.ar\/viento-sur\/?p=1261"},"modified":"2017-11-03T19:48:39","modified_gmt":"2017-11-03T19:48:39","slug":"radio-desde-la-gente","status":"publish","type":"post","link":"https:\/\/periodismobahia.com.ar\/viento-sur\/?p=1261","title":{"rendered":"RADIO DESDE LA GENTE"},"content":{"rendered":"<h2>Iniciada en el a\u00f1o 1989 por estudiantes universitarios, periodistas y militantes de izquierda.<\/h2>\n<p><!--more--><\/p>\n<p>Las personas empezaron siendo oyentes y luego terminaron siendo parte de la gesti\u00f3n.<br \/>\nUna radio comunitaria que da lugar a la expresi\u00f3n, la comunicaci\u00f3n como un derecho humano. Fm de la calle le dio espacio a organizaciones universitarias, de izquierda y expresiones culturales de la cuidad que no encontraban su voz.<\/p>\n<p>Es distinta al resto, porque es gestiona de manera diferente que tiene la necesidad de un espacio propio con gente que no se siente contenida por medios existentes.<\/p>\n<p>Durante tres meses llego a ser la radio m\u00e1s escuchada, superando a LU2 que es el medio m\u00e1s escuchado en Bah\u00eda Blanca.<\/p>\n<p>Socialmente estaba la necesidad de escuchar otras cosas, algo diferente y la radio ocupo ese lugar desde los espacios p\u00fablicos.<\/p>\n<p>Huaiquil Brenda, Rebuzzi Yesica.<\/p>\n","protected":false},"excerpt":{"rendered":"<p>Iniciada en el a\u00f1o 1989 por estudiantes universitarios, periodistas y militantes de izquierda.<\/p>\n","protected":false},"author":3,"featured_media":1262,"comment_status":"closed","ping_status":"open","sticky":false,"template":"","format":"standard","meta":{"footnotes":""},"categories":[3,2],"tags":[],"_links":{"self":[{"href":"https:\/\/periodismobahia.com.ar\/viento-sur\/index.php?rest_route=\/wp\/v2\/posts\/1261"}],"collection":[{"href":"https:\/\/periodismobahia.com.ar\/viento-sur\/index.php?rest_route=\/wp\/v2\/posts"}],"about":[{"href":"https:\/\/periodismobahia.com.ar\/viento-sur\/index.php?rest_route=\/wp\/v2\/types\/post"}],"author":[{"embeddable":true,"href":"https:\/\/periodismobahia.com.ar\/viento-sur\/index.php?rest_route=\/wp\/v2\/users\/3"}],"replies":[{"embeddable":true,"href":"https:\/\/periodismobahia.com.ar\/viento-sur\/index.php?rest_route=%2Fwp%2Fv2%2Fcomments&post=1261"}],"version-history":[{"count":2,"href":"https:\/\/periodismobahia.com.ar\/viento-sur\/index.php?rest_route=\/wp\/v2\/posts\/1261\/revisions"}],"predecessor-version":[{"id":1264,"href":"https:\/\/periodismobahia.com.ar\/viento-sur\/index.php?rest_route=\/wp\/v2\/posts\/1261\/revisions\/1264"}],"wp:featuredmedia":[{"embeddable":true,"href":"https:\/\/periodismobahia.com.ar\/viento-sur\/index.php?rest_route=\/wp\/v2\/media\/1262"}],"wp:attachment":[{"href":"https:\/\/periodismobahia.com.ar\/viento-sur\/index.php?rest_route=%2Fwp%2Fv2%2Fmedia&parent=1261"}],"wp:term":[{"taxonomy":"category","embeddable":true,"href":"https:\/\/periodismobahia.com.ar\/viento-sur\/index.php?rest_route=%2Fwp%2Fv2%2Fcategories&post=1261"},{"taxonomy":"post_tag","embeddable":true,"href":"https:\/\/periodismobahia.com.ar\/viento-sur\/index.php?rest_route=%2Fwp%2Fv2%2Ftags&post=1261"}],"curies":[{"name":"wp","href":"https:\/\/api.w.org\/{rel}","templated":true}]}}