{"id":5371,"date":"2025-10-23T12:55:11","date_gmt":"2025-10-23T12:55:11","guid":{"rendered":"https:\/\/periodismobahia.com.ar\/viento-sur\/?p=5371"},"modified":"2025-10-23T12:55:11","modified_gmt":"2025-10-23T12:55:11","slug":"camila-saltiva-y-debora-bermudez","status":"publish","type":"post","link":"http:\/\/periodismobahia.com.ar\/viento-sur\/?p=5371","title":{"rendered":"Camila Saltiva y D\u00e9bora Berm\u00fadez"},"content":{"rendered":"\n<p>Camila Saltiva y D\u00e9bora Berm\u00fadez volvieron a las aulas del Instituto, ya no como alumnas, sino como profesionales a cargo de la agencia de comunicaci\u00f3n @debativa y con una larga trayectoria en medios de la ciudad (pese a su juventud). Los y las estudiantes de Segundo A\u00f1o, en la materia Periodismo Televisivo I, compartieron una charla sobre las nuevas formas de informar y de trabajar en redes sociales.<\/p>\n\n\n\n<figure class=\"wp-block-image size-large\"><a href=\"https:\/\/periodismobahia.com.ar\/viento-sur\/wp-content\/uploads\/2025\/10\/Imagen-de-WhatsApp-2025-10-22-a-las-13.29.04_5d648427.jpg\"><img loading=\"lazy\" decoding=\"async\" width=\"1024\" height=\"710\" src=\"https:\/\/periodismobahia.com.ar\/viento-sur\/wp-content\/uploads\/2025\/10\/Imagen-de-WhatsApp-2025-10-22-a-las-13.29.04_5d648427-1024x710.jpg\" alt=\"\" class=\"wp-image-5372\" srcset=\"http:\/\/periodismobahia.com.ar\/viento-sur\/wp-content\/uploads\/2025\/10\/Imagen-de-WhatsApp-2025-10-22-a-las-13.29.04_5d648427-1024x710.jpg 1024w, http:\/\/periodismobahia.com.ar\/viento-sur\/wp-content\/uploads\/2025\/10\/Imagen-de-WhatsApp-2025-10-22-a-las-13.29.04_5d648427-300x208.jpg 300w, http:\/\/periodismobahia.com.ar\/viento-sur\/wp-content\/uploads\/2025\/10\/Imagen-de-WhatsApp-2025-10-22-a-las-13.29.04_5d648427-768x532.jpg 768w, http:\/\/periodismobahia.com.ar\/viento-sur\/wp-content\/uploads\/2025\/10\/Imagen-de-WhatsApp-2025-10-22-a-las-13.29.04_5d648427.jpg 1339w\" sizes=\"(max-width: 1024px) 100vw, 1024px\" \/><\/a><\/figure>\n","protected":false},"excerpt":{"rendered":"<p>Los estudiantes de segundo a\u00f1o de periodismo tuvieron una charla con dos ex alumnas del instituto.<\/p>\n","protected":false},"author":4,"featured_media":5373,"comment_status":"closed","ping_status":"open","sticky":false,"template":"","format":"standard","meta":{"footnotes":""},"categories":[365],"tags":[30,9,6],"_links":{"self":[{"href":"http:\/\/periodismobahia.com.ar\/viento-sur\/index.php?rest_route=\/wp\/v2\/posts\/5371"}],"collection":[{"href":"http:\/\/periodismobahia.com.ar\/viento-sur\/index.php?rest_route=\/wp\/v2\/posts"}],"about":[{"href":"http:\/\/periodismobahia.com.ar\/viento-sur\/index.php?rest_route=\/wp\/v2\/types\/post"}],"author":[{"embeddable":true,"href":"http:\/\/periodismobahia.com.ar\/viento-sur\/index.php?rest_route=\/wp\/v2\/users\/4"}],"replies":[{"embeddable":true,"href":"http:\/\/periodismobahia.com.ar\/viento-sur\/index.php?rest_route=%2Fwp%2Fv2%2Fcomments&post=5371"}],"version-history":[{"count":1,"href":"http:\/\/periodismobahia.com.ar\/viento-sur\/index.php?rest_route=\/wp\/v2\/posts\/5371\/revisions"}],"predecessor-version":[{"id":5374,"href":"http:\/\/periodismobahia.com.ar\/viento-sur\/index.php?rest_route=\/wp\/v2\/posts\/5371\/revisions\/5374"}],"wp:featuredmedia":[{"embeddable":true,"href":"http:\/\/periodismobahia.com.ar\/viento-sur\/index.php?rest_route=\/wp\/v2\/media\/5373"}],"wp:attachment":[{"href":"http:\/\/periodismobahia.com.ar\/viento-sur\/index.php?rest_route=%2Fwp%2Fv2%2Fmedia&parent=5371"}],"wp:term":[{"taxonomy":"category","embeddable":true,"href":"http:\/\/periodismobahia.com.ar\/viento-sur\/index.php?rest_route=%2Fwp%2Fv2%2Fcategories&post=5371"},{"taxonomy":"post_tag","embeddable":true,"href":"http:\/\/periodismobahia.com.ar\/viento-sur\/index.php?rest_route=%2Fwp%2Fv2%2Ftags&post=5371"}],"curies":[{"name":"wp","href":"https:\/\/api.w.org\/{rel}","templated":true}]}}