{"id":5292,"date":"2025-09-06T21:00:00","date_gmt":"2025-09-06T21:00:00","guid":{"rendered":"https:\/\/periodismobahia.com.ar\/viento-sur\/?p=5292"},"modified":"2025-09-05T02:36:06","modified_gmt":"2025-09-05T02:36:06","slug":"un-crimen-sin-descanso-la-trata-y-explotacion-de-los-seres-humanos","status":"publish","type":"post","link":"http:\/\/periodismobahia.com.ar\/viento-sur\/?p=5292","title":{"rendered":"Un crimen sin descanso, la trata y explotaci\u00f3n de los seres humanos"},"content":{"rendered":"\n<p><strong>El pasado 30 de julio se conmemor\u00f3 el D\u00eda Mundial Contra la Trata,<\/strong> delito que somete a m\u00e1s de 40 millones de personas.<\/p>\n\n\n\n<p>La trata de personas es la <strong>explotaci\u00f3n de seres humanos a trav\u00e9s de la violaci\u00f3n de sus derechos<\/strong> mediante secuestros, violencia, enga\u00f1os o abuso de poder, con el objetivo de tener una ganancia.<\/p>\n\n\n\n<p>Existen distintos tipos, entre ellos, <strong>las m\u00e1s comunes son la explotaci\u00f3n sexual y laboral.<\/strong><\/p>\n\n\n\n<p><strong>En Argentina es un delito con penas severas<\/strong> y existen distintos planes de prevenci\u00f3n y asistencia a las v\u00edctimas.<\/p>\n\n\n\n<figure class=\"wp-block-image size-full\"><a href=\"https:\/\/periodismobahia.com.ar\/viento-sur\/wp-content\/uploads\/2025\/09\/trata-3.jpg\"><img loading=\"lazy\" decoding=\"async\" width=\"1016\" height=\"624\" src=\"https:\/\/periodismobahia.com.ar\/viento-sur\/wp-content\/uploads\/2025\/09\/trata-3.jpg\" alt=\"\" class=\"wp-image-5293\" srcset=\"http:\/\/periodismobahia.com.ar\/viento-sur\/wp-content\/uploads\/2025\/09\/trata-3.jpg 1016w, http:\/\/periodismobahia.com.ar\/viento-sur\/wp-content\/uploads\/2025\/09\/trata-3-300x184.jpg 300w, http:\/\/periodismobahia.com.ar\/viento-sur\/wp-content\/uploads\/2025\/09\/trata-3-768x472.jpg 768w\" sizes=\"(max-width: 1016px) 100vw, 1016px\" \/><\/a><\/figure>\n\n\n\n<p><strong>La Ley 26.842 tipifica la trata con fines de explotaci\u00f3n laboral y sexual.<\/strong> Tras la reforma de 2012 se elimin\u00f3 el consentimiento de la v\u00edctima como posible eximente de responsabilidad, <strong>adem\u00e1s de aumentar las penas del delito.<\/strong><\/p>\n\n\n\n<p><strong>Tambi\u00e9n se encuentra la l\u00ednea gratuita y an\u00f3nima 145,<\/strong> que funciona las 24 horas para recibir denuncias de v\u00edctimas de trata y explotaci\u00f3n de personas en nuestro pa\u00eds.<\/p>\n\n\n\n<p>Seg\u00fan un informe del Ministerio de Justicia, <strong>entre 2020 y 2024 en nuestro pa\u00eds hubo m\u00e1s de 7900 denuncias<\/strong> a la l\u00ednea.<\/p>\n\n\n\n<p><strong>Internacionalmente, a partir de 2000, la ONU<\/strong> (Organizaci\u00f3n de las Naciones Unidas) <strong>adopt\u00f3 el denominado \u201cProtocolo Palermo\u201d<\/strong>, que define la trata de personas como la captaci\u00f3n, transporte, traslado, acogida o recepci\u00f3n de personas (sexual, laboral, servidumbre, extracci\u00f3n de \u00f3rganos, etc).<\/p>\n\n\n\n<figure class=\"wp-block-image size-large\"><a href=\"https:\/\/periodismobahia.com.ar\/viento-sur\/wp-content\/uploads\/2025\/09\/trata-2.jpg\"><img loading=\"lazy\" decoding=\"async\" width=\"1024\" height=\"682\" src=\"https:\/\/periodismobahia.com.ar\/viento-sur\/wp-content\/uploads\/2025\/09\/trata-2-1024x682.jpg\" alt=\"\" class=\"wp-image-5294\" srcset=\"http:\/\/periodismobahia.com.ar\/viento-sur\/wp-content\/uploads\/2025\/09\/trata-2-1024x682.jpg 1024w, http:\/\/periodismobahia.com.ar\/viento-sur\/wp-content\/uploads\/2025\/09\/trata-2-300x200.jpg 300w, http:\/\/periodismobahia.com.ar\/viento-sur\/wp-content\/uploads\/2025\/09\/trata-2-768x511.jpg 768w, http:\/\/periodismobahia.com.ar\/viento-sur\/wp-content\/uploads\/2025\/09\/trata-2.jpg 1443w\" sizes=\"(max-width: 1024px) 100vw, 1024px\" \/><\/a><\/figure>\n\n\n\n<p><strong>Bah\u00eda Blanca tiene un alto nivel de llamados al 145.<\/strong> En los \u00faltimos 10 a\u00f1os de derivaron m\u00e1s de 60 denuncias sobre este delito.<\/p>\n\n\n\n<p><strong>Adem\u00e1s, en nuestra ciudad se encuentra la ONG Bah\u00eda Contra la Trata,<\/strong> que es una asociaci\u00f3n que trabaja en la prevenci\u00f3n, difusi\u00f3n y sensibilizaci\u00f3n acerca de este delito.<\/p>\n\n\n\n<p><strong><em>Autores: M\u00e1ximo Fidalgo, Mat\u00edas Mazzieri, Maximiliano Riffo<\/em><\/strong><\/p>\n","protected":false},"excerpt":{"rendered":"<p>El pasado 30 de julio se conmemor\u00f3 el D\u00eda Mundial Contra la Trata, delito que somete a m\u00e1s de 40 millones de personas.<\/p>\n","protected":false},"author":4,"featured_media":5295,"comment_status":"closed","ping_status":"open","sticky":false,"template":"","format":"standard","meta":{"footnotes":""},"categories":[1],"tags":[74,30,6],"_links":{"self":[{"href":"http:\/\/periodismobahia.com.ar\/viento-sur\/index.php?rest_route=\/wp\/v2\/posts\/5292"}],"collection":[{"href":"http:\/\/periodismobahia.com.ar\/viento-sur\/index.php?rest_route=\/wp\/v2\/posts"}],"about":[{"href":"http:\/\/periodismobahia.com.ar\/viento-sur\/index.php?rest_route=\/wp\/v2\/types\/post"}],"author":[{"embeddable":true,"href":"http:\/\/periodismobahia.com.ar\/viento-sur\/index.php?rest_route=\/wp\/v2\/users\/4"}],"replies":[{"embeddable":true,"href":"http:\/\/periodismobahia.com.ar\/viento-sur\/index.php?rest_route=%2Fwp%2Fv2%2Fcomments&post=5292"}],"version-history":[{"count":1,"href":"http:\/\/periodismobahia.com.ar\/viento-sur\/index.php?rest_route=\/wp\/v2\/posts\/5292\/revisions"}],"predecessor-version":[{"id":5296,"href":"http:\/\/periodismobahia.com.ar\/viento-sur\/index.php?rest_route=\/wp\/v2\/posts\/5292\/revisions\/5296"}],"wp:featuredmedia":[{"embeddable":true,"href":"http:\/\/periodismobahia.com.ar\/viento-sur\/index.php?rest_route=\/wp\/v2\/media\/5295"}],"wp:attachment":[{"href":"http:\/\/periodismobahia.com.ar\/viento-sur\/index.php?rest_route=%2Fwp%2Fv2%2Fmedia&parent=5292"}],"wp:term":[{"taxonomy":"category","embeddable":true,"href":"http:\/\/periodismobahia.com.ar\/viento-sur\/index.php?rest_route=%2Fwp%2Fv2%2Fcategories&post=5292"},{"taxonomy":"post_tag","embeddable":true,"href":"http:\/\/periodismobahia.com.ar\/viento-sur\/index.php?rest_route=%2Fwp%2Fv2%2Ftags&post=5292"}],"curies":[{"name":"wp","href":"https:\/\/api.w.org\/{rel}","templated":true}]}}