{"id":5282,"date":"2025-09-04T16:15:00","date_gmt":"2025-09-04T16:15:00","guid":{"rendered":"https:\/\/periodismobahia.com.ar\/viento-sur\/?p=5282"},"modified":"2025-09-04T14:43:58","modified_gmt":"2025-09-04T14:43:58","slug":"juan-carlos-meschini-compartio-su-vision-del-periodismo-en-una-charla-con-los-estudiantes","status":"publish","type":"post","link":"http:\/\/periodismobahia.com.ar\/viento-sur\/?p=5282","title":{"rendered":"Juan Carlos Meschini comparti\u00f3 su visi\u00f3n del periodismo en una charla con los estudiantes."},"content":{"rendered":"\n<p>En un encuentro con los estudiantes de periodismo de primero, segundo y tercer a\u00f1o, el periodista deportivo <strong><em>Juan Carlos Meschini <\/em><\/strong>repas\u00f3 su trayectoria y dej\u00f3 una advertencia sobre los desaf\u00edos del oficio en la era digital. Con m\u00e1s de cuatro d\u00e9cadas en medios radiales locales como LU7 y LU2 posteriormente, Meschini combin\u00f3 an\u00e9cdotas t\u00e9cnicas como aprender a utilizar una maquina de escribir y anotar estad\u00edsticas a mano; con un diagn\u00f3stico sobre la profesi\u00f3n hoy: mayor facilidad t\u00e9cnica pero riesgo de p\u00e9rdida de la esencia period\u00edstica.<\/p>\n\n\n\n<figure class=\"wp-block-image size-large\"><a href=\"https:\/\/periodismobahia.com.ar\/viento-sur\/wp-content\/uploads\/2025\/09\/54b06407-9ec2-4d26-9f4a-50e03076c78e.jpg\"><img loading=\"lazy\" decoding=\"async\" width=\"1024\" height=\"574\" src=\"https:\/\/periodismobahia.com.ar\/viento-sur\/wp-content\/uploads\/2025\/09\/54b06407-9ec2-4d26-9f4a-50e03076c78e-1024x574.jpg\" alt=\"\" class=\"wp-image-5283\" srcset=\"http:\/\/periodismobahia.com.ar\/viento-sur\/wp-content\/uploads\/2025\/09\/54b06407-9ec2-4d26-9f4a-50e03076c78e-1024x574.jpg 1024w, http:\/\/periodismobahia.com.ar\/viento-sur\/wp-content\/uploads\/2025\/09\/54b06407-9ec2-4d26-9f4a-50e03076c78e-300x168.jpg 300w, http:\/\/periodismobahia.com.ar\/viento-sur\/wp-content\/uploads\/2025\/09\/54b06407-9ec2-4d26-9f4a-50e03076c78e-768x430.jpg 768w, http:\/\/periodismobahia.com.ar\/viento-sur\/wp-content\/uploads\/2025\/09\/54b06407-9ec2-4d26-9f4a-50e03076c78e.jpg 1280w\" sizes=\"(max-width: 1024px) 100vw, 1024px\" \/><\/a><\/figure>\n\n\n\n<p>Subray\u00f3 el valor p\u00fablico de la radio en emergencias, record\u00f3 el temporal y las inundaciones en los que la ciudadan\u00eda volvi\u00f3 a depender de la radio a pilas y reivindic\u00f3 el <strong>\u201cservicio al p\u00fablico\u201d<\/strong> como raz\u00f3n de ser del medio. Critic\u00f3, adem\u00e1s, la entrada masiva de herramientas automatizadas y de la inteligencia artificial que pueden uniformizar voces y empobrecer el tono humano del relato tanto en lo escrito como en otras funciones cotidianas.<\/p>\n\n\n\n<p>En materia deportiva, Meschini analiz\u00f3 la coyuntura del b\u00e1squet argentino y la necesidad de adaptaci\u00f3n a nuevos biotipos y la urgencia de formar jugadores que ocupen espacios distintos en una cancha cada vez m\u00e1s din\u00e1mica. Tambi\u00e9n defendi\u00f3 la especializaci\u00f3n profesional, la importancia de nutrirse en idiomas y culturas resaltando sus experiencias fuera del pa\u00eds siendo el caso de los Juegos Olimpicos. Al mismo tiempo enfatiz\u00f3:<strong> \u201cla lectura es indispensable\u201d<\/strong> como pilar para sostener rigor y vocabulario frente a la velocidad informativa.<\/p>\n\n\n\n<p>La charla cerr\u00f3 con un llamado a combinar memoria y t\u00e9cnica: conservar la preparaci\u00f3n de siempre, podr\u00eda ser una libreta y preguntas, mientras se incorpora la tecnolog\u00eda, sin perder nunca el compromiso con la audiencia, la escencia individual del servicio p\u00fablico.<\/p>\n\n\n\n<p><strong><em>Hecho por Angeles Crett\u00f3n.<\/em><\/strong><\/p>\n","protected":false},"excerpt":{"rendered":"<p>En un encuentro con los estudiantes de periodismo de primero, segundo y tercer a\u00f1o, el periodista deportivo Juan Carlos Meschini repas\u00f3 su trayectoria y dej\u00f3 una advertencia sobre los desaf\u00edos del oficio en la era digital. Con m\u00e1s de cuatro d\u00e9cadas en medios radiales locales como LU7 y LU2 posteriormente, Meschini combin\u00f3 an\u00e9cdotas t\u00e9cnicas como [&hellip;]<\/p>\n","protected":false},"author":4,"featured_media":5284,"comment_status":"closed","ping_status":"open","sticky":false,"template":"","format":"standard","meta":{"footnotes":""},"categories":[88,365],"tags":[74,30,9,470,6],"_links":{"self":[{"href":"http:\/\/periodismobahia.com.ar\/viento-sur\/index.php?rest_route=\/wp\/v2\/posts\/5282"}],"collection":[{"href":"http:\/\/periodismobahia.com.ar\/viento-sur\/index.php?rest_route=\/wp\/v2\/posts"}],"about":[{"href":"http:\/\/periodismobahia.com.ar\/viento-sur\/index.php?rest_route=\/wp\/v2\/types\/post"}],"author":[{"embeddable":true,"href":"http:\/\/periodismobahia.com.ar\/viento-sur\/index.php?rest_route=\/wp\/v2\/users\/4"}],"replies":[{"embeddable":true,"href":"http:\/\/periodismobahia.com.ar\/viento-sur\/index.php?rest_route=%2Fwp%2Fv2%2Fcomments&post=5282"}],"version-history":[{"count":4,"href":"http:\/\/periodismobahia.com.ar\/viento-sur\/index.php?rest_route=\/wp\/v2\/posts\/5282\/revisions"}],"predecessor-version":[{"id":5291,"href":"http:\/\/periodismobahia.com.ar\/viento-sur\/index.php?rest_route=\/wp\/v2\/posts\/5282\/revisions\/5291"}],"wp:featuredmedia":[{"embeddable":true,"href":"http:\/\/periodismobahia.com.ar\/viento-sur\/index.php?rest_route=\/wp\/v2\/media\/5284"}],"wp:attachment":[{"href":"http:\/\/periodismobahia.com.ar\/viento-sur\/index.php?rest_route=%2Fwp%2Fv2%2Fmedia&parent=5282"}],"wp:term":[{"taxonomy":"category","embeddable":true,"href":"http:\/\/periodismobahia.com.ar\/viento-sur\/index.php?rest_route=%2Fwp%2Fv2%2Fcategories&post=5282"},{"taxonomy":"post_tag","embeddable":true,"href":"http:\/\/periodismobahia.com.ar\/viento-sur\/index.php?rest_route=%2Fwp%2Fv2%2Ftags&post=5282"}],"curies":[{"name":"wp","href":"https:\/\/api.w.org\/{rel}","templated":true}]}}