{"id":5063,"date":"2025-06-04T02:30:31","date_gmt":"2025-06-04T02:30:31","guid":{"rendered":"https:\/\/periodismobahia.com.ar\/viento-sur\/?p=5063"},"modified":"2025-06-04T02:30:31","modified_gmt":"2025-06-04T02:30:31","slug":"vivas-y-libres-nos-queremos","status":"publish","type":"post","link":"http:\/\/periodismobahia.com.ar\/viento-sur\/?p=5063","title":{"rendered":"\u201cVivas y libres nos queremos\u201d"},"content":{"rendered":"\n<p>El 3 de junio de 2015 nace \u201cNi una menos\u201d como una expresi\u00f3n masiva destinada a visibilizar la violencia por motivos de g\u00e9nero. A\u00f1o tras a\u00f1o la fecha promueve la necesidad de seguir trabajando en contra de las distintas expresiones y modalidades de la violencia de g\u00e9nero.<\/p>\n\n\n\n<figure class=\"wp-block-image size-full\"><a href=\"https:\/\/periodismobahia.com.ar\/viento-sur\/wp-content\/uploads\/2025\/06\/e68ab8a9-1033-4637-863d-243be05781f2.jpg\"><img loading=\"lazy\" decoding=\"async\" width=\"700\" height=\"467\" src=\"https:\/\/periodismobahia.com.ar\/viento-sur\/wp-content\/uploads\/2025\/06\/e68ab8a9-1033-4637-863d-243be05781f2.jpg\" alt=\"\" class=\"wp-image-5064\" srcset=\"http:\/\/periodismobahia.com.ar\/viento-sur\/wp-content\/uploads\/2025\/06\/e68ab8a9-1033-4637-863d-243be05781f2.jpg 700w, http:\/\/periodismobahia.com.ar\/viento-sur\/wp-content\/uploads\/2025\/06\/e68ab8a9-1033-4637-863d-243be05781f2-300x200.jpg 300w\" sizes=\"(max-width: 700px) 100vw, 700px\" \/><\/a><\/figure>\n\n\n\n<p><br>Una vez m\u00e1s, las calles de todo el pa\u00eds se llenan de mujeres, diversidades y aliados alzando un grito que se repite hace a\u00f1os: \u201cNi Una Menos\u201d.<\/p>\n\n\n\n<p>La consigna que naci\u00f3 tras el femicidio de Chiara P\u00e1ez no pierde vigencia. Por el contrario, suma fuerza frente a la persistencia de una realidad alarmante: las violencias por razones de g\u00e9nero siguen dejando vidas desatendidas por un sistema que, para muchas, a\u00fan no responde con la urgencia que requiere.<\/p>\n\n\n\n<p>\u201cQueremos que se valore a la mujer y que se haga justicia ante las denuncias. Que no lleguen a matarnos\u201d, sostiene Luc\u00eda.<\/p>\n\n\n\n<p>Se\u00f1ala que la demanda es clara: basta de indiferencia. Basta de impunidad.<\/p>\n\n\n\n<p>El 3J se convirti\u00f3 en una fecha de memoria activa. Un d\u00eda en el que se recuerda a quienes ya no est\u00e1n, a las que fueron asesinadas por decisi\u00f3n de otros, y tambi\u00e9n a quienes hoy siguen sufriendo violencias cotidianas, muchas veces invisibilizadas.<\/p>\n\n\n\n<p>Es un d\u00eda de repudio y tambi\u00e9n de propuesta: de exigir pol\u00edticas p\u00fablicas efectivas, acompa\u00f1amiento real y una transformaci\u00f3n cultural.<\/p>\n\n\n\n<p>\u201cSe busca visibilizar la falta de responsabilidad que se toma frente a estos casos, y lo poco que las mujeres somos cuidadas\u201d, agrega Justina.<\/p>\n\n\n\n<p>&nbsp;Apunta a un cambio estructural. A un Estado presente, a una justicia con perspectiva de g\u00e9nero, a una sociedad que comprenda, acompa\u00f1e y proteja.<\/p>\n\n\n\n<p>Decir \u201cNi Una Menos\u201d no es solo denunciar, es tambi\u00e9n construir.<\/p>\n\n\n\n<p>\u201cCreo que, como todo, la lucha es pol\u00edtica. Hay formas de hacer pol\u00edtica con las que coincido y otras con las que no. Pero la esencia de \u2018Ni Una Menos\u2019 busca frenar los asesinatos por el simple hecho de ser mujeres, y creo que es algo con lo que todos deber\u00edamos estar de acuerdo\u201d, afirma.<\/p>\n\n\n\n<figure class=\"wp-block-image size-full\"><a href=\"https:\/\/periodismobahia.com.ar\/viento-sur\/wp-content\/uploads\/2025\/06\/b5dada43-6dd2-4de3-9c18-29f897e2adf6.jpg\"><img loading=\"lazy\" decoding=\"async\" width=\"807\" height=\"454\" src=\"https:\/\/periodismobahia.com.ar\/viento-sur\/wp-content\/uploads\/2025\/06\/b5dada43-6dd2-4de3-9c18-29f897e2adf6.jpg\" alt=\"\" class=\"wp-image-5065\" srcset=\"http:\/\/periodismobahia.com.ar\/viento-sur\/wp-content\/uploads\/2025\/06\/b5dada43-6dd2-4de3-9c18-29f897e2adf6.jpg 807w, http:\/\/periodismobahia.com.ar\/viento-sur\/wp-content\/uploads\/2025\/06\/b5dada43-6dd2-4de3-9c18-29f897e2adf6-300x169.jpg 300w, http:\/\/periodismobahia.com.ar\/viento-sur\/wp-content\/uploads\/2025\/06\/b5dada43-6dd2-4de3-9c18-29f897e2adf6-768x432.jpg 768w\" sizes=\"(max-width: 807px) 100vw, 807px\" \/><\/a><\/figure>\n\n\n\n<p>El pensamiento de Justina representacuestiones importantes sobre el movimiento: que toda lucha es pol\u00edtica y que hay diferentes formas de abordarla, no todas de nuestro agrado. Sin embargo, m\u00e1s all\u00e1 de esas diferencias, el objetivo esencial es frenar los femicidios, los asesinatos de mujeres por el simple hecho de serlo.<\/p>\n\n\n\n<p>Ese es un punto en el que, sin importar nuestras visiones pol\u00edticas, todos deber\u00edamos estar de acuerdo, ya que se trata de proteger la vida y la seguridad. Es un llamado a la unidad por una causa fundamentalmente humana.<\/p>\n\n\n\n<p>Justicia para las v\u00edctimas y sus familias. Igualdad social y perspectiva de g\u00e9nero. Fin de la violencia. Castigo para los victimarios. B\u00fasqueda de leyes que prevengan, protejan y acompa\u00f1en.<\/p>\n\n\n\n<p>Mientras sigan muriendo mujeres por el solo hecho de serlo, el grito seguir\u00e1 resonando. Hasta que ser mujer no implique un riesgo. Hasta que vivir no sea un privilegio. Hasta que, de verdad, no falte <strong>\u201cNI UNA MENOS\u201d.<\/strong><\/p>\n\n\n\n<p><strong>Por: Ramiro Albarrac\u00edn, Facundo Ju\u00e1rez, M\u00e1ximo Leoz, Felipe Nougues y Mateo Rodr\u00edguez.<\/strong><\/p>\n\n\n\n<p><strong>Fotos: Gentileza La Nueva.<\/strong><\/p>\n","protected":false},"excerpt":{"rendered":"<p>El 3 de junio de 2015 nace \u201cNi una menos\u201d como una expresi\u00f3n masiva destinada a visibilizar la violencia por motivos de g\u00e9nero. A\u00f1o tras a\u00f1o la fecha promueve la necesidad de seguir trabajando en contra de las distintas expresiones y modalidades de la violencia de g\u00e9nero. Una vez m\u00e1s, las calles de todo el [&hellip;]<\/p>\n","protected":false},"author":1,"featured_media":5064,"comment_status":"closed","ping_status":"open","sticky":false,"template":"","format":"standard","meta":{"footnotes":""},"categories":[88,91,63],"tags":[30,77,9,470,6],"_links":{"self":[{"href":"http:\/\/periodismobahia.com.ar\/viento-sur\/index.php?rest_route=\/wp\/v2\/posts\/5063"}],"collection":[{"href":"http:\/\/periodismobahia.com.ar\/viento-sur\/index.php?rest_route=\/wp\/v2\/posts"}],"about":[{"href":"http:\/\/periodismobahia.com.ar\/viento-sur\/index.php?rest_route=\/wp\/v2\/types\/post"}],"author":[{"embeddable":true,"href":"http:\/\/periodismobahia.com.ar\/viento-sur\/index.php?rest_route=\/wp\/v2\/users\/1"}],"replies":[{"embeddable":true,"href":"http:\/\/periodismobahia.com.ar\/viento-sur\/index.php?rest_route=%2Fwp%2Fv2%2Fcomments&post=5063"}],"version-history":[{"count":1,"href":"http:\/\/periodismobahia.com.ar\/viento-sur\/index.php?rest_route=\/wp\/v2\/posts\/5063\/revisions"}],"predecessor-version":[{"id":5066,"href":"http:\/\/periodismobahia.com.ar\/viento-sur\/index.php?rest_route=\/wp\/v2\/posts\/5063\/revisions\/5066"}],"wp:featuredmedia":[{"embeddable":true,"href":"http:\/\/periodismobahia.com.ar\/viento-sur\/index.php?rest_route=\/wp\/v2\/media\/5064"}],"wp:attachment":[{"href":"http:\/\/periodismobahia.com.ar\/viento-sur\/index.php?rest_route=%2Fwp%2Fv2%2Fmedia&parent=5063"}],"wp:term":[{"taxonomy":"category","embeddable":true,"href":"http:\/\/periodismobahia.com.ar\/viento-sur\/index.php?rest_route=%2Fwp%2Fv2%2Fcategories&post=5063"},{"taxonomy":"post_tag","embeddable":true,"href":"http:\/\/periodismobahia.com.ar\/viento-sur\/index.php?rest_route=%2Fwp%2Fv2%2Ftags&post=5063"}],"curies":[{"name":"wp","href":"https:\/\/api.w.org\/{rel}","templated":true}]}}