{"id":4315,"date":"2022-08-21T21:15:40","date_gmt":"2022-08-21T21:15:40","guid":{"rendered":"https:\/\/periodismobahia.com.ar\/viento-sur\/?p=4315"},"modified":"2022-08-21T21:31:41","modified_gmt":"2022-08-21T21:31:41","slug":"pandemia-por-que-a-la-mayoria-de-los-bahienses-les-cambio-la-vida","status":"publish","type":"post","link":"http:\/\/periodismobahia.com.ar\/viento-sur\/?p=4315","title":{"rendered":"Pandemia: \u00bfPor qu\u00e9 a la mayor\u00eda de los bahienses les cambi\u00f3 la vida?"},"content":{"rendered":"\n<h3 class=\"wp-block-heading\">Los alumnos de segundo a\u00f1o del ISCCS salieron a la calle a preguntar:\u00a0Pandemia \u00bfPor qu\u00e9 a la mayor\u00eda de los bahienses les cambi\u00f3 la vida?<\/h3>\n\n\n\n<p>Una visi\u00f3n es que las autoridades pretendieron infundir miedo en la sociedad, as\u00ed como otra, m\u00e1s esc\u00e9ptica, sostiene que el coronavirus no existe. Y una diferente insiste en que hay que ser responsables con los cuidados porque, a\u00fan, la crisis sanitaria no finaliz\u00f3.<\/p>\n\n\n<a class=\"wp-block-read-more\" href=\"http:\/\/periodismobahia.com.ar\/viento-sur\/?p=4315\" target=\"_self\">Leer m\u00e1s<span class=\"screen-reader-text\">: Pandemia: \u00bfPor qu\u00e9 a la mayor\u00eda de los bahienses les cambi\u00f3 la vida?<\/span><\/a>\n\n\n<p>\u201cNos quisieron generar miedo para salir a la calle; no nos dejaban trabajar y no pod\u00edamos ver a nuestra familia. El Gobierno se aprovech\u00f3 de eso\u201d.<\/p>\n\n\n\n<figure class=\"wp-block-image size-large is-resized\"><a href=\"http:\/\/periodismobahia.com.ar\/viento-sur\/wp-content\/uploads\/2022\/08\/IMG-20220429-WA0201.jpg\"><img loading=\"lazy\" decoding=\"async\" src=\"http:\/\/periodismobahia.com.ar\/viento-sur\/wp-content\/uploads\/2022\/08\/IMG-20220429-WA0201-768x1024.jpg\" alt=\"\" class=\"wp-image-4307\" width=\"453\" height=\"604\" srcset=\"http:\/\/periodismobahia.com.ar\/viento-sur\/wp-content\/uploads\/2022\/08\/IMG-20220429-WA0201-768x1024.jpg 768w, http:\/\/periodismobahia.com.ar\/viento-sur\/wp-content\/uploads\/2022\/08\/IMG-20220429-WA0201-225x300.jpg 225w, http:\/\/periodismobahia.com.ar\/viento-sur\/wp-content\/uploads\/2022\/08\/IMG-20220429-WA0201-1152x1536.jpg 1152w, http:\/\/periodismobahia.com.ar\/viento-sur\/wp-content\/uploads\/2022\/08\/IMG-20220429-WA0201.jpg 1200w\" sizes=\"(max-width: 453px) 100vw, 453px\" \/><\/a><\/figure>\n\n\n\n<p>Esta es una de las opiniones expresadas -de una mujer, en calles del centro bahiense- a un grupo de alumnos de segundo a\u00f1o de la materia Periodismo Gr\u00e1fico del Instituto Superior en Ciencias de la Comunicaci\u00f3n Social.<\/p>\n\n\n\n<p>\u201cEl coronavirus cambi\u00f3 muchas cosas. Trabajo en la calle y no pude hacerlo durante mucho tiempo; hubo que rebusc\u00e1rselas. Adem\u00e1s, la ayuda del Gobierno lleg\u00f3 tarde\u201d, a\u00f1adi\u00f3 un hombre de mediana edad.<\/p>\n\n\n\n<p>\u201cLa pandemia no termin\u00f3. Lo que est\u00e1 pasando es que, con la vacunaci\u00f3n, pudimos frenar los efectos del virus\u201d, a\u00f1adi\u00f3 un grupo de estudiantes, consultado en las afueras del Instituto Juan XXIII.<\/p>\n\n\n\n<figure class=\"wp-block-image size-large is-resized\"><a href=\"http:\/\/periodismobahia.com.ar\/viento-sur\/wp-content\/uploads\/2022\/08\/IMG-20220429-WA0200.jpg\"><img loading=\"lazy\" decoding=\"async\" src=\"http:\/\/periodismobahia.com.ar\/viento-sur\/wp-content\/uploads\/2022\/08\/IMG-20220429-WA0200-768x1024.jpg\" alt=\"\" class=\"wp-image-4306\" width=\"433\" height=\"577\" srcset=\"http:\/\/periodismobahia.com.ar\/viento-sur\/wp-content\/uploads\/2022\/08\/IMG-20220429-WA0200-768x1024.jpg 768w, http:\/\/periodismobahia.com.ar\/viento-sur\/wp-content\/uploads\/2022\/08\/IMG-20220429-WA0200-225x300.jpg 225w, http:\/\/periodismobahia.com.ar\/viento-sur\/wp-content\/uploads\/2022\/08\/IMG-20220429-WA0200-1152x1536.jpg 1152w, http:\/\/periodismobahia.com.ar\/viento-sur\/wp-content\/uploads\/2022\/08\/IMG-20220429-WA0200.jpg 1200w\" sizes=\"(max-width: 433px) 100vw, 433px\" \/><\/a><\/figure>\n\n\n\n<p>Sin embargo, los mayores de 60 a\u00f1os se mostraron m\u00e1s abiertos a participar del relevamiento y, adem\u00e1s, alegaron que la pandemia no termin\u00f3.<\/p>\n\n\n\n<p>\u201cHay que ser responsables, seguir utilizando el barbijo y mantener el distanciamiento social\u201d, asegur\u00f3 una mujer.<\/p>\n\n\n\n<p>\u00bfAlgo positivo? Respuestas en este sentido fueron: \u201cHubo m\u00e1s tiempo para uno; para pensar. Aprend\u00ed cosas nuevas y pude armar proyectos novedosos\u201d, se\u00f1al\u00f3 una joven.<\/p>\n\n\n\n<p>\u201cUno se cuida m\u00e1s. No se comparte el mate y no se saluda a la gente como antes. Y el alcohol en gel volvi\u00f3 a ser un accesorio diario\u201d, a\u00f1adi\u00f3.<\/p>\n\n\n\n<p>Otras voces coincidentes tampoco dieron por terminada la circulaci\u00f3n del virus. Sin embargo, Mabel, de 75 a\u00f1os, dijo: \u201cDesde hace rato vivimos como antes\u201d.<\/p>\n\n\n\n<figure class=\"wp-block-image size-large\"><a href=\"http:\/\/periodismobahia.com.ar\/viento-sur\/wp-content\/uploads\/2022\/08\/IMG-20220429-WA0198.jpg\"><img loading=\"lazy\" decoding=\"async\" width=\"1024\" height=\"768\" src=\"http:\/\/periodismobahia.com.ar\/viento-sur\/wp-content\/uploads\/2022\/08\/IMG-20220429-WA0198-1024x768.jpg\" alt=\"\" class=\"wp-image-4305\" srcset=\"http:\/\/periodismobahia.com.ar\/viento-sur\/wp-content\/uploads\/2022\/08\/IMG-20220429-WA0198-1024x768.jpg 1024w, http:\/\/periodismobahia.com.ar\/viento-sur\/wp-content\/uploads\/2022\/08\/IMG-20220429-WA0198-300x225.jpg 300w, http:\/\/periodismobahia.com.ar\/viento-sur\/wp-content\/uploads\/2022\/08\/IMG-20220429-WA0198-768x576.jpg 768w, http:\/\/periodismobahia.com.ar\/viento-sur\/wp-content\/uploads\/2022\/08\/IMG-20220429-WA0198-1536x1152.jpg 1536w, http:\/\/periodismobahia.com.ar\/viento-sur\/wp-content\/uploads\/2022\/08\/IMG-20220429-WA0198-1568x1176.jpg 1568w, http:\/\/periodismobahia.com.ar\/viento-sur\/wp-content\/uploads\/2022\/08\/IMG-20220429-WA0198.jpg 1600w\" sizes=\"(max-width: 1024px) 100vw, 1024px\" \/><\/a><\/figure>\n\n\n\n<h3 class=\"wp-block-heading\">\u00bfQu\u00e9 pandemia?<\/h3>\n\n\n\n<p>\u201cLa pandemia no finaliz\u00f3. Ni siquiera empez\u00f3, porque el virus no existe\u201d, dijo una joven \u2014de 30 a\u00f1os\u2014 consultada acerca del COVID-19.<\/p>\n\n\n\n<p>Este, y otros argumentos, mayoritariamente entre los j\u00f3venes, se basaron en haberse impuesto el miedo \u2014dicen\u2014 desde los medios de comunicaci\u00f3n.<\/p>\n\n\n\n<p>\u201cLa pandemia fue de mentira. Viaj\u00e9 a todos lados y me di cuenta que directamente ni empez\u00f3\u201d, explic\u00f3 un joven de 25 a\u00f1os.<\/p>\n\n\n\n<blockquote class=\"wp-block-quote is-layout-flow wp-block-quote-is-layout-flow\"><p>\u201cHubo otras personas que no le dieron ni cinco de pelota (sic)\u201d, agreg\u00f3.<\/p><\/blockquote>\n\n\n\n<p>\u201cLos adultos pasan mucho tiempo en las redes sociales y, a diferencia de nuestra generaci\u00f3n, no saben distinguir entre conspiraciones sin sentido y evidencia cient\u00edfica sobre un tema muy serio\u201d, declar\u00f3 \u2014mientras tanto\u2014 una adolescente de 16 a\u00f1os.<\/p>\n\n\n\n<p>Con eventuales rechazos para ser entrevistados, la mayor\u00eda de los vecinos contest\u00f3 que no hay que seguir pregunt\u00e1ndole estos temas a la gente.<\/p>\n\n\n\n<figure class=\"wp-block-pullquote\"><blockquote><p>\u201cTambi\u00e9n hay que dejar de vacunarse, ya que nos ponen microchips\u201d<\/p><cite><strong>argument\u00f3 un joven de 27 a\u00f1os.<\/strong><\/cite><\/blockquote><\/figure>\n","protected":false},"excerpt":{"rendered":"<p>Los alumnos de segundo a\u00f1o del ISCCS salieron a la calle a preguntar:\u00a0Pandemia \u00bfPor qu\u00e9 a la mayor\u00eda de los bahienses les cambi\u00f3 la vida? Una visi\u00f3n es que las autoridades pretendieron infundir miedo en la sociedad, as\u00ed como otra, m\u00e1s esc\u00e9ptica, sostiene que el coronavirus no existe. Y una diferente insiste en que hay [&hellip;]<\/p>\n","protected":false},"author":1,"featured_media":4304,"comment_status":"closed","ping_status":"open","sticky":false,"template":"","format":"standard","meta":{"footnotes":""},"categories":[3,91,108],"tags":[461,423,486],"_links":{"self":[{"href":"http:\/\/periodismobahia.com.ar\/viento-sur\/index.php?rest_route=\/wp\/v2\/posts\/4315"}],"collection":[{"href":"http:\/\/periodismobahia.com.ar\/viento-sur\/index.php?rest_route=\/wp\/v2\/posts"}],"about":[{"href":"http:\/\/periodismobahia.com.ar\/viento-sur\/index.php?rest_route=\/wp\/v2\/types\/post"}],"author":[{"embeddable":true,"href":"http:\/\/periodismobahia.com.ar\/viento-sur\/index.php?rest_route=\/wp\/v2\/users\/1"}],"replies":[{"embeddable":true,"href":"http:\/\/periodismobahia.com.ar\/viento-sur\/index.php?rest_route=%2Fwp%2Fv2%2Fcomments&post=4315"}],"version-history":[{"count":4,"href":"http:\/\/periodismobahia.com.ar\/viento-sur\/index.php?rest_route=\/wp\/v2\/posts\/4315\/revisions"}],"predecessor-version":[{"id":4320,"href":"http:\/\/periodismobahia.com.ar\/viento-sur\/index.php?rest_route=\/wp\/v2\/posts\/4315\/revisions\/4320"}],"wp:featuredmedia":[{"embeddable":true,"href":"http:\/\/periodismobahia.com.ar\/viento-sur\/index.php?rest_route=\/wp\/v2\/media\/4304"}],"wp:attachment":[{"href":"http:\/\/periodismobahia.com.ar\/viento-sur\/index.php?rest_route=%2Fwp%2Fv2%2Fmedia&parent=4315"}],"wp:term":[{"taxonomy":"category","embeddable":true,"href":"http:\/\/periodismobahia.com.ar\/viento-sur\/index.php?rest_route=%2Fwp%2Fv2%2Fcategories&post=4315"},{"taxonomy":"post_tag","embeddable":true,"href":"http:\/\/periodismobahia.com.ar\/viento-sur\/index.php?rest_route=%2Fwp%2Fv2%2Ftags&post=4315"}],"curies":[{"name":"wp","href":"https:\/\/api.w.org\/{rel}","templated":true}]}}