{"id":3748,"date":"2020-11-24T07:55:01","date_gmt":"2020-11-24T07:55:01","guid":{"rendered":"http:\/\/periodismobahia.com.ar\/viento-sur\/?p=3748"},"modified":"2022-08-22T14:30:59","modified_gmt":"2022-08-22T14:30:59","slug":"periodismo-digital-historia-trampas-impacto","status":"publish","type":"post","link":"http:\/\/periodismobahia.com.ar\/viento-sur\/?p=3748","title":{"rendered":"Periodismo digital: su historia, sus \u201ctrampas\u201d y su impacto"},"content":{"rendered":"\n<p>El periodismo digital es la modalidad del periodismo que tiene a internet como entorno principal de desarrollo, eso est\u00e1 claro, pero <strong>\u00bfpor qu\u00e9? \u00bfy c\u00f3mo es que tu t\u00eda, vos, y yo lo hacemos posible si de periodistas no tenemos nada?<\/strong> Bueno, casi nada. <\/p>\n\n\n\n<div class=\"wp-block-cover alignleft is-light\"><span aria-hidden=\"true\" class=\"wp-block-cover__background has-background-background-color has-background-dim\"><\/span><img loading=\"lazy\" decoding=\"async\" width=\"2442\" height=\"1946\" class=\"wp-block-cover__image-background wp-image-4358\" alt=\"\" src=\"http:\/\/periodismobahia.com.ar\/viento-sur\/wp-content\/uploads\/2022\/08\/Cultura.jpg\" data-object-fit=\"cover\" srcset=\"http:\/\/periodismobahia.com.ar\/viento-sur\/wp-content\/uploads\/2022\/08\/Cultura.jpg 2442w, http:\/\/periodismobahia.com.ar\/viento-sur\/wp-content\/uploads\/2022\/08\/Cultura-300x239.jpg 300w, http:\/\/periodismobahia.com.ar\/viento-sur\/wp-content\/uploads\/2022\/08\/Cultura-1024x816.jpg 1024w, http:\/\/periodismobahia.com.ar\/viento-sur\/wp-content\/uploads\/2022\/08\/Cultura-768x612.jpg 768w, http:\/\/periodismobahia.com.ar\/viento-sur\/wp-content\/uploads\/2022\/08\/Cultura-1536x1224.jpg 1536w, http:\/\/periodismobahia.com.ar\/viento-sur\/wp-content\/uploads\/2022\/08\/Cultura-2048x1632.jpg 2048w\" sizes=\"(max-width: 2442px) 100vw, 2442px\" \/><div class=\"wp-block-cover__inner-container is-layout-flow wp-block-cover-is-layout-flow\">\n<p class=\"has-text-align-center has-large-font-size\"><\/p>\n<\/div><\/div>\n\n\n\n<pre class=\"wp-block-code\"><code>Escrito y publicado por Maia Dittler |Trabajo final Viento Sur<\/code><\/pre>\n\n\n\n<!--more-->\n\n\n\n<p>No es novedad que<strong> hay una mayor\u00eda consumidora de informaci\u00f3n que se abastece a trav\u00e9s de internet<\/strong>. Por la ma\u00f1ana, algunos se dirigen a Infobae mientras que otros inician sesi\u00f3n en Twitter y scrolleando se cruzan con Infobae para terminar en su sitio. \u00bfCasualidad? No lo creo. \u00bfCausalidad? Tal vez. \u00bfHotel? Trivago -malditas nuevas formas de la comunicaci\u00f3n, <strong>me hipertextualizaron las neuronas<\/strong>-. <\/p>\n\n\n\n<p><strong>Internet atraves\u00f3 al periodismo de forma gradual pero r\u00e1pida, convirti\u00e9ndolo en lo que conocemos hoy pero no en lo mismo que ser\u00e1 ma\u00f1ana. <\/strong>Son muchos los factores que condicionan este juego de transici\u00f3n y muchos los an\u00e1lisis que se realizaron en los \u00faltimos a\u00f1os. Estudi\u00e1ndolo a sabiendas de que iba a poner patas arriba al mundo de la comunicaci\u00f3n, canal Encuentro realiz\u00f3 en 2012 una serie de documentales acerca del periodismo digital llamada \u201cEn el medio\u201d. <\/p>\n\n\n\n<figure class=\"wp-block-embed is-type-video is-provider-youtube wp-block-embed-youtube wp-embed-aspect-4-3 wp-has-aspect-ratio\"><div class=\"wp-block-embed__wrapper\">\n<iframe loading=\"lazy\" title=\"En el Medio Digital : Periodismo Digital\" width=\"640\" height=\"480\" src=\"https:\/\/www.youtube.com\/embed\/plFNlGxjsIY?feature=oembed\" frameborder=\"0\" allow=\"accelerometer; autoplay; clipboard-write; encrypted-media; gyroscope; picture-in-picture; web-share\" referrerpolicy=\"strict-origin-when-cross-origin\" allowfullscreen><\/iframe>\n<\/div><figcaption> <br>El primer cap\u00edtulo de esta serie dura 26 minutos, lo cual <strong>es mucho para el internauta promedio pero poco para terminar de entender la tem\u00e1tica. <\/strong> <br><\/figcaption><\/figure>\n\n\n\n<p>Primero fue el tel\u00e9grafo y en un parpadear se estaba inaugurando, a comienzos de 1990, la versi\u00f3n web de Chicago Tribune, la primera en la historia del periodismo digital. Le sigui\u00f3 el peri\u00f3dico San Jos\u00e9 Mercury News, que adem\u00e1s de ofrecer su contenido en la web<strong> agreg\u00f3 la opci\u00f3n de contactarse v\u00eda mail con los periodistas, rompiendo con una de las caracter\u00edsticas principales del periodismo tradicional: la idea del periodista inalcanzable.<\/strong><\/p>\n\n\n\n<p>Algunas de las ideas m\u00e1s interesantes del video son las que se contradicen. Por un lado, el licenciado en Comunicaci\u00f3n Social y consultor e investigador en medios digitales, <strong>\u00c1lvaro Liuzzi<\/strong>, asegur\u00f3:<\/p>\n\n\n\n<figure class=\"wp-block-pullquote\"><blockquote><p>\u201cEl periodismo digital es la pr\u00e1ctica del periodismo tradicional en las nuevas plataformas\u201d<\/p><cite>Alvaro Liuzzi<br><\/cite><\/blockquote><\/figure>\n\n\n\n<p>Mientras que, por el contrario, el periodista y editor de Clar\u00edn,<strong> Ricado Braginski<\/strong>, afirm\u00f3 que este es un nuevo tipo de periodismo, con otras pr\u00e1cticas y que no s\u00f3lo importa adaptar el contenido a la web sino crear contenido para la web. Hoy, Liuzzi se volvi\u00f3 un especialista en medios digitales.<\/p>\n\n\n\n<figure class=\"wp-block-embed is-type-rich is-provider-twitter wp-block-embed-twitter\"><div class=\"wp-block-embed__wrapper\">\n<blockquote class=\"twitter-tweet\" data-width=\"550\" data-dnt=\"true\"><p lang=\"es\" dir=\"ltr\">\ud83d\udcfb Preocupados por ampliar su cobertura de noticias nacionales, la <a href=\"https:\/\/twitter.com\/radiosweden?ref_src=twsrc%5Etfw\">@radiosweden<\/a> (emisora p\u00fablica sueca) implement\u00f3 desde este a\u00f1o un algoritmo para potenciar su informaci\u00f3n como servicio p\u00fablico.<a href=\"https:\/\/t.co\/T7Jhrn9h0c\">https:\/\/t.co\/T7Jhrn9h0c<\/a><\/p>&mdash; Alvaro Liuzzi (@alvaroliuzzi) <a href=\"https:\/\/twitter.com\/alvaroliuzzi\/status\/1321459939089420288?ref_src=twsrc%5Etfw\">October 28, 2020<\/a><\/blockquote><script async src=\"https:\/\/platform.twitter.com\/widgets.js\" charset=\"utf-8\"><\/script>\n<\/div><\/figure>\n\n\n\n<h4 class=\"wp-block-heading\"><strong>Las \u201ctrampas\u201d del periodismo digital<\/strong><\/h4>\n\n\n\n<p>Hay diferentes herramientas que hacen que nos quedemos en un medio m\u00e1s tiempo (o menos), y que les permiten a quienes lo trabajan aprovechar todas las posibilidades de la web. <strong>Estas herramientas o \u201ctrampas\u201d que cautivan nuestra atenci\u00f3n como usuarios son la multimedialidad y la hipertextualidad. <\/strong><\/p>\n\n\n\n<p>La multimedialidad consiste en aprovechar no s\u00f3lo los textos sino tambi\u00e9n<strong> videos, audios, im\u00e1genes, infograf\u00edas y gr\u00e1ficos<\/strong> a la hora de comunicar. De esta manera, cuando abrimos un art\u00edculo no solo leemos sino que consumimos una conjunci\u00f3n de estos contenidos.<\/p>\n\n\n\n<p>\u00bfNotaste que cuando lees sobre un hecho de larga data es f\u00e1cil localizar las notas anteriores sobre el tema? Esto se da cuando se utiliza la segunda herramienta, la hipertextualidad, que <strong>brinda la posibilidad de saltar de un texto a otro, armando una red de conexiones y de lecturas que se complementan<\/strong>.<\/p>\n\n\n\n<p>Por ejemplo, se pueden vincular<a href=\"http:\/\/periodismobahia.com.ar\/viento-sur\/2020\/11\/24\/el-mundo-multimedia\/\"> notas anteriores<\/a> para dar contexto a la que se est\u00e1 consumiendo, se puede a\u00f1adir una galer\u00eda de im\u00e1genes sobre el tema, o se puede anexar una investigaci\u00f3n o nota de un medio \u00abamigo\u00bb para complementar lo que se est\u00e1 contando, entre muchas otras posibilidades. <\/p>\n\n\n\n<h4 class=\"wp-block-heading\">El periodismo que asalt\u00f3 al periodismo<\/h4>\n\n\n\n<div class=\"wp-block-columns has-2-columns is-layout-flex wp-container-core-columns-is-layout-1 wp-block-columns-is-layout-flex\">\n<div class=\"wp-block-column is-layout-flow wp-block-column-is-layout-flow\">\n<p><strong>La digitalizaci\u00f3n del periodismo desarm\u00f3 todo lo conocido en el \u00e1mbito<\/strong>, incluidos los tiempos y las audiencias. De pronto aparecieron los blogs, la posibilidad de comentar, opinar, y encima, de forma instant\u00e1nea. <strong>Cambi\u00f3 la organizaci\u00f3n, la estructura y hasta el modelo de negocios de los medios antiguos<\/strong>. <strong>Hoy un medio que no se apoya en las redes sociales, en la multimedialidad e hipertextualidad, est\u00e1 perdido. <\/strong><\/p>\n\n\n\n<p>En el oc\u00e9ano de contenido que hay en cada pantalla parece que no est\u00e1 permitida la p\u00e9rdida de calidad: un error puede ocasionar un desastre en minutos. <strong>Los medios m\u00e1s afectados por este cambio son  los que se dedican a la prensa gr\u00e1fica<\/strong>, ya que la digitalizaci\u00f3n agrand\u00f3 el margen de error debido a la instantaneidad con la que la informaci\u00f3n circula. En este caso,<strong> la noticia se va construyendo en una din\u00e1mica completamente nueva<\/strong> para el sector que tan acostumbrado estaba a procesar los datos con tiempo para ofrecer precisi\u00f3n. <\/p>\n<\/div>\n\n\n\n<div class=\"wp-block-column is-layout-flow wp-block-column-is-layout-flow\">\n<p>Por el contrario, a 8 a\u00f1os de la publicaci\u00f3n de la serie de canal Encuentro, vemos que la adaptaci\u00f3n a las nuevas formas fue m\u00e1s f\u00e1cil para medios como la radio, que lograron mantener su esencia. Es un ejemplo claro el de <strong>Facundo Acu\u00f1a<\/strong>, de <em>FM En Tr\u00e1nsito. <\/em><\/p>\n\n\n\n<p>Acu\u00f1a cuenta en el documental (2012) que planean incursionar con su contenido generado en la radio en internet y que una de sus ideas es mezclarlo con imagen en video. Rastreando la FM en internet en 2020 podemos encontrar que no logr\u00f3 lo segundo, pero si lo primero,<strong> reutilizando las notas y public\u00e1ndolas en RadioCut o Spotify<\/strong>.  <\/p>\n\n\n\n<p>Es interesante analizar que a los medios no s\u00f3lo les hace falta apoyarse en las redes sociales sino extremar el aprovechamiento de las herramientas que puede brindarles el editor de entradas de su p\u00e1gina web. En el editor Gutenberg, de WordPress, como en muchos otros, se puede insertar contenido de YouTube, RadioCut, Spotify, y mucho m\u00e1s. De esta manera se enriquecen las notas y las personas pasar\u00e1n m\u00e1s tiempo en la p\u00e1gina.<\/p>\n<\/div>\n<\/div>\n\n\n\n<figure class=\"wp-block-embed is-type-rich is-provider-spotify wp-block-embed-spotify wp-embed-aspect-21-9 wp-has-aspect-ratio\"><div class=\"wp-block-embed__wrapper\">\nhttps:\/\/open.spotify.com\/episode\/1JBjXzDeHohb7Ck7NWgxKS\n<\/div><\/figure>\n\n\n\n<p>Lo cierto es que <strong>el periodismo digital no solo destruy\u00f3 las formas tradicionales<\/strong> sino que abri\u00f3 nuevas puertas, impensadas para el paradigma anterior. <strong>De la mano con los medios digitales apareci\u00f3 el periodismo de datos<\/strong>, que consiste en recabar y analizar grandes cantidades de datos mediante softwares especializados.<strong> <\/strong><\/p>\n\n\n\n<p>Hay en Argentina un proyecto de periodismo de datos que se destaca, <strong>se llama <\/strong><a href=\"http:\/\/mapa76.info\/\"><strong>Mapa76 <\/strong><\/a><strong>y entrecruza datos de personas desaparecidas durante la \u00faltima dictadura c\u00edvico-militar<\/strong>. Funciona desde el a\u00f1o 2011 con el objetivo de crear conexiones ignoradas hasta el momento, utilizando como fuente los datos p\u00fablicos de los juicios de lesa humanidad.<\/p>\n\n\n\n<p>Para este proyecto se plante\u00f3 utilizar entrecruzamiento, visualizaci\u00f3n y estudio de datos a trav\u00e9s de la web, aprovechando al m\u00e1ximo las oportunidades que brinda. Sin dudas el periodismo de datos es una de las mejores nuevas formas de la profesi\u00f3n.<\/p>\n\n\n\n<p><strong>\u00bfC\u00f3mo se hace el periodismo de datos? Lo encontr\u00e1s en este manual<\/strong>:<\/p>\n\n\n\n<figure class=\"wp-block-embed is-type-rich is-provider-slideshare wp-block-embed-slideshare\"><div class=\"wp-block-embed__wrapper\">\n<iframe loading=\"lazy\" title=\"Data journalism-handbook-es\" src=\"https:\/\/www.slideshare.net\/slideshow\/embed_code\/key\/o3VCWtAvBiNrw4\" width=\"479\" height=\"511\" frameborder=\"0\" marginwidth=\"0\" marginheight=\"0\" scrolling=\"no\" style=\"border:1px solid #CCC; border-width:1px; margin-bottom:5px; max-width: 100%;\" allowfullscreen> <\/iframe> <div style=\"margin-bottom:5px\"> <strong> <a href=\"https:\/\/es.slideshare.net\/MaiaDittler\/data-journalismhandbookes\" title=\"Data journalism-handbook-es\" target=\"_blank\">Data journalism-handbook-es<\/a> <\/strong> from <strong><a href=\"https:\/\/www.slideshare.net\/MaiaDittler\" target=\"_blank\">MaiaDittler<\/a><\/strong> <\/div>\n<\/div><figcaption><br><\/figcaption><\/figure>\n\n\n\n<div style=\"height:96px\" aria-hidden=\"true\" class=\"wp-block-spacer\"><\/div>\n\n\n\n<hr class=\"wp-block-separator has-css-opacity\"\/>\n\n\n\n<div class=\"wp-block-cover alignfull is-light\"><span aria-hidden=\"true\" class=\"wp-block-cover__background has-background-dim\"><\/span><img loading=\"lazy\" decoding=\"async\" width=\"1920\" height=\"1080\" class=\"wp-block-cover__image-background wp-image-3771\" src=\"http:\/\/periodismobahia.com.ar\/viento-sur\/wp-content\/uploads\/2020\/11\/Copia-de-Brittany-Murphy_-repasamos-su-carrera-y-las-teor\u00edas-sobre-su-fallecimiento-2.png\" data-object-fit=\"cover\" srcset=\"http:\/\/periodismobahia.com.ar\/viento-sur\/wp-content\/uploads\/2020\/11\/Copia-de-Brittany-Murphy_-repasamos-su-carrera-y-las-teor\u00edas-sobre-su-fallecimiento-2.png 1920w, http:\/\/periodismobahia.com.ar\/viento-sur\/wp-content\/uploads\/2020\/11\/Copia-de-Brittany-Murphy_-repasamos-su-carrera-y-las-teor\u00edas-sobre-su-fallecimiento-2-300x169.png 300w, http:\/\/periodismobahia.com.ar\/viento-sur\/wp-content\/uploads\/2020\/11\/Copia-de-Brittany-Murphy_-repasamos-su-carrera-y-las-teor\u00edas-sobre-su-fallecimiento-2-768x432.png 768w, http:\/\/periodismobahia.com.ar\/viento-sur\/wp-content\/uploads\/2020\/11\/Copia-de-Brittany-Murphy_-repasamos-su-carrera-y-las-teor\u00edas-sobre-su-fallecimiento-2-1024x576.png 1024w, http:\/\/periodismobahia.com.ar\/viento-sur\/wp-content\/uploads\/2020\/11\/Copia-de-Brittany-Murphy_-repasamos-su-carrera-y-las-teor\u00edas-sobre-su-fallecimiento-2-1200x675.png 1200w\" sizes=\"(max-width: 1920px) 100vw, 1920px\" \/><div class=\"wp-block-cover__inner-container is-layout-flow wp-block-cover-is-layout-flow\">\n<p class=\"has-text-align-center has-large-font-size\">Otros puntos a tener en cuenta sobre los nuevos medios:<\/p>\n<\/div><\/div>\n\n\n\n<ul><li>Que se haga periodismo digital no significa que el contenido sea menos conservador.<\/li><li>El consumidor de la informaci\u00f3n ahora es parte de la historia. Todas las personas somos parte de cada historia o contenido period\u00edstico: podemos opinar, comentar, compartir, sumar, dar me gusta, dar no me gusta e incluso se\u00f1alarle a nuestros dispositivos que ya no queremos ver m\u00e1s publicaciones de determinado medio. Hoy como \u00abreceptores\u00bb, tenemos m\u00e1s poder del que se esperaba en las organizaciones medi\u00e1ticas y de nosotros depende que tengan la posibilidad de sostenerse econ\u00f3micamente o no. <\/li><li><strong>El periodismo digital nos permite comunicar de muchas maneras, incluso podemos utilizar memes.<\/strong><\/li><\/ul>\n\n\n\n<figure class=\"wp-block-gallery alignfull has-nested-images columns-default is-cropped wp-block-gallery-1 is-layout-flex wp-block-gallery-is-layout-flex\">\n<figure class=\"wp-block-image\"><img loading=\"lazy\" decoding=\"async\" width=\"515\" height=\"335\" data-id=\"3755\" src=\"http:\/\/periodismobahia.com.ar\/viento-sur\/wp-content\/uploads\/2020\/11\/1cd90932-d8d6-4eab-bfbd-a60add88be54.jpg\" alt=\"\" class=\"wp-image-3755\" srcset=\"http:\/\/periodismobahia.com.ar\/viento-sur\/wp-content\/uploads\/2020\/11\/1cd90932-d8d6-4eab-bfbd-a60add88be54.jpg 515w, http:\/\/periodismobahia.com.ar\/viento-sur\/wp-content\/uploads\/2020\/11\/1cd90932-d8d6-4eab-bfbd-a60add88be54-300x195.jpg 300w\" sizes=\"(max-width: 515px) 100vw, 515px\" \/><figcaption>Algunas redacciones hoy<\/figcaption><\/figure>\n\n\n\n<figure class=\"wp-block-image\"><img loading=\"lazy\" decoding=\"async\" width=\"560\" height=\"333\" data-id=\"3756\" src=\"http:\/\/periodismobahia.com.ar\/viento-sur\/wp-content\/uploads\/2020\/11\/1430420317_959498_1430423238_sumario_normal.jpg\" alt=\"\" class=\"wp-image-3756\" srcset=\"http:\/\/periodismobahia.com.ar\/viento-sur\/wp-content\/uploads\/2020\/11\/1430420317_959498_1430423238_sumario_normal.jpg 560w, http:\/\/periodismobahia.com.ar\/viento-sur\/wp-content\/uploads\/2020\/11\/1430420317_959498_1430423238_sumario_normal-300x178.jpg 300w\" sizes=\"(max-width: 560px) 100vw, 560px\" \/><figcaption>Algunas redacciones hoy<\/figcaption><\/figure>\n\n\n\n<figure class=\"wp-block-image\"><img loading=\"lazy\" decoding=\"async\" width=\"258\" height=\"195\" data-id=\"3757\" src=\"http:\/\/periodismobahia.com.ar\/viento-sur\/wp-content\/uploads\/2020\/11\/descarga-3-2.jpg\" alt=\"\" class=\"wp-image-3757\"\/><figcaption>Los Simpson predijeron el dron de Infobae en la casa de Diego Maradona tras sus problemas de salud<\/figcaption><\/figure>\n<\/figure>\n","protected":false},"excerpt":{"rendered":"<p>El periodismo digital es la modalidad del periodismo que tiene a internet como entorno principal de desarrollo, eso est\u00e1 claro, pero \u00bfpor qu\u00e9? \u00bfy c\u00f3mo es que tu t\u00eda, vos, y yo lo hacemos posible si de periodistas no tenemos nada? Bueno, casi nada.<\/p>\n","protected":false},"author":3,"featured_media":4342,"comment_status":"closed","ping_status":"open","sticky":false,"template":"","format":"standard","meta":{"footnotes":""},"categories":[413,1],"tags":[471,470,6],"_links":{"self":[{"href":"http:\/\/periodismobahia.com.ar\/viento-sur\/index.php?rest_route=\/wp\/v2\/posts\/3748"}],"collection":[{"href":"http:\/\/periodismobahia.com.ar\/viento-sur\/index.php?rest_route=\/wp\/v2\/posts"}],"about":[{"href":"http:\/\/periodismobahia.com.ar\/viento-sur\/index.php?rest_route=\/wp\/v2\/types\/post"}],"author":[{"embeddable":true,"href":"http:\/\/periodismobahia.com.ar\/viento-sur\/index.php?rest_route=\/wp\/v2\/users\/3"}],"replies":[{"embeddable":true,"href":"http:\/\/periodismobahia.com.ar\/viento-sur\/index.php?rest_route=%2Fwp%2Fv2%2Fcomments&post=3748"}],"version-history":[{"count":18,"href":"http:\/\/periodismobahia.com.ar\/viento-sur\/index.php?rest_route=\/wp\/v2\/posts\/3748\/revisions"}],"predecessor-version":[{"id":4395,"href":"http:\/\/periodismobahia.com.ar\/viento-sur\/index.php?rest_route=\/wp\/v2\/posts\/3748\/revisions\/4395"}],"wp:featuredmedia":[{"embeddable":true,"href":"http:\/\/periodismobahia.com.ar\/viento-sur\/index.php?rest_route=\/wp\/v2\/media\/4342"}],"wp:attachment":[{"href":"http:\/\/periodismobahia.com.ar\/viento-sur\/index.php?rest_route=%2Fwp%2Fv2%2Fmedia&parent=3748"}],"wp:term":[{"taxonomy":"category","embeddable":true,"href":"http:\/\/periodismobahia.com.ar\/viento-sur\/index.php?rest_route=%2Fwp%2Fv2%2Fcategories&post=3748"},{"taxonomy":"post_tag","embeddable":true,"href":"http:\/\/periodismobahia.com.ar\/viento-sur\/index.php?rest_route=%2Fwp%2Fv2%2Ftags&post=3748"}],"curies":[{"name":"wp","href":"https:\/\/api.w.org\/{rel}","templated":true}]}}