{"id":301,"date":"2015-11-21T00:10:11","date_gmt":"2015-11-21T00:10:11","guid":{"rendered":"http:\/\/periodismobahia.com.ar\/viento-sur\/?p=301"},"modified":"2015-11-21T00:51:45","modified_gmt":"2015-11-21T00:51:45","slug":"conversaciones-con-eduardo-sacheri","status":"publish","type":"post","link":"http:\/\/periodismobahia.com.ar\/viento-sur\/?p=301","title":{"rendered":"Conversaciones con Eduardo Sacheri"},"content":{"rendered":"<p><a href=\"http:\/\/periodismobahia.com.ar\/viento-sur\/wp-content\/uploads\/2015\/11\/vlcsnap-2015-10-31-02h43m20s169.png\"><img loading=\"lazy\" decoding=\"async\" class=\"aligncenter wp-image-368 size-large\" src=\"http:\/\/periodismobahia.com.ar\/viento-sur\/wp-content\/uploads\/2015\/11\/vlcsnap-2015-10-31-02h43m20s169-1024x576.png\" alt=\"Eduardo Sachieri\" width=\"640\" height=\"360\" srcset=\"http:\/\/periodismobahia.com.ar\/viento-sur\/wp-content\/uploads\/2015\/11\/vlcsnap-2015-10-31-02h43m20s169-1024x576.png 1024w, http:\/\/periodismobahia.com.ar\/viento-sur\/wp-content\/uploads\/2015\/11\/vlcsnap-2015-10-31-02h43m20s169-300x169.png 300w, http:\/\/periodismobahia.com.ar\/viento-sur\/wp-content\/uploads\/2015\/11\/vlcsnap-2015-10-31-02h43m20s169.png 1280w\" sizes=\"(max-width: 640px) 100vw, 640px\" \/><\/a><\/p>\n<p>El reconocido autor estuvo visitando nuestra ciudad, entrevistado por el Licenciado Ram\u00f3n Minieri e invitado por Codimat, fue el protagonista de un reportaje abierto en el Teatro Municipal. <!--more--><\/p>\n<p>Sacheri es Licenciado en Historia pero \u201cde grande\u201ddecidi\u00f3 ponerse a escribir cuentos y de la mano de Alejandro Apo, que los ley\u00f3 al aire en su programa de radio, se hicieron conocidos y nunca par\u00f3.<br \/>\nAutor de famosas novelas como \u201cPapeles en el viento\u201d que fue llevada al cine por el director Juan Tratutto o \u201cLa pregunta de sus ojos\u201d que inspir\u00f3 a Juan Campanella para producir \u201cEl Secreto de sus Ojos\u201d y ser la ganadora de un Oscar a Mejor Pel\u00edcula Extranjera en el a\u00f1o 2010.<br \/>\nCon mucho humor repas\u00f3 su historia de vida y sus logros, cont\u00f3 an\u00e9cdotas de la filmaci\u00f3n de las pel\u00edculas, habl\u00f3 de literatura y arte. Eduardo Sacheri: la prueba de que la vocaci\u00f3n existe, a veces solo tarda en llegar.<\/p>\n<p>[soundcloud url=\u00bbhttps:\/\/api.soundcloud.com\/tracks\/234007117&#8243; params=\u00bbauto_play=false&amp;hide_related=false&amp;show_comments=true&amp;show_user=true&amp;show_reposts=false&amp;visual=true\u00bb width=\u00bb100%\u00bb height=\u00bb450&#8243; iframe=\u00bbtrue\u00bb \/]<\/p>\n","protected":false},"excerpt":{"rendered":"<p>El reconocido autor estuvo visitando nuestra ciudad, entrevistado por el Licenciado Ram\u00f3n Minieri e invitado por Codimat, fue el protagonista de un reportaje abierto en el Teatro Municipal.<\/p>\n","protected":false},"author":2,"featured_media":368,"comment_status":"closed","ping_status":"open","sticky":false,"template":"","format":"standard","meta":{"footnotes":""},"categories":[3],"tags":[],"_links":{"self":[{"href":"http:\/\/periodismobahia.com.ar\/viento-sur\/index.php?rest_route=\/wp\/v2\/posts\/301"}],"collection":[{"href":"http:\/\/periodismobahia.com.ar\/viento-sur\/index.php?rest_route=\/wp\/v2\/posts"}],"about":[{"href":"http:\/\/periodismobahia.com.ar\/viento-sur\/index.php?rest_route=\/wp\/v2\/types\/post"}],"author":[{"embeddable":true,"href":"http:\/\/periodismobahia.com.ar\/viento-sur\/index.php?rest_route=\/wp\/v2\/users\/2"}],"replies":[{"embeddable":true,"href":"http:\/\/periodismobahia.com.ar\/viento-sur\/index.php?rest_route=%2Fwp%2Fv2%2Fcomments&post=301"}],"version-history":[{"count":7,"href":"http:\/\/periodismobahia.com.ar\/viento-sur\/index.php?rest_route=\/wp\/v2\/posts\/301\/revisions"}],"predecessor-version":[{"id":384,"href":"http:\/\/periodismobahia.com.ar\/viento-sur\/index.php?rest_route=\/wp\/v2\/posts\/301\/revisions\/384"}],"wp:featuredmedia":[{"embeddable":true,"href":"http:\/\/periodismobahia.com.ar\/viento-sur\/index.php?rest_route=\/wp\/v2\/media\/368"}],"wp:attachment":[{"href":"http:\/\/periodismobahia.com.ar\/viento-sur\/index.php?rest_route=%2Fwp%2Fv2%2Fmedia&parent=301"}],"wp:term":[{"taxonomy":"category","embeddable":true,"href":"http:\/\/periodismobahia.com.ar\/viento-sur\/index.php?rest_route=%2Fwp%2Fv2%2Fcategories&post=301"},{"taxonomy":"post_tag","embeddable":true,"href":"http:\/\/periodismobahia.com.ar\/viento-sur\/index.php?rest_route=%2Fwp%2Fv2%2Ftags&post=301"}],"curies":[{"name":"wp","href":"https:\/\/api.w.org\/{rel}","templated":true}]}}