{"id":2517,"date":"2018-11-14T16:09:07","date_gmt":"2018-11-14T16:09:07","guid":{"rendered":"http:\/\/periodismobahia.com.ar\/viento-sur\/?p=2517"},"modified":"2018-11-14T17:24:37","modified_gmt":"2018-11-14T17:24:37","slug":"pavon-desgarrado-pero-los-milagros-existen","status":"publish","type":"post","link":"http:\/\/periodismobahia.com.ar\/viento-sur\/?p=2517","title":{"rendered":"Pav\u00f3n desgarrado: pero los milagros existen."},"content":{"rendered":"\n<figure class=\"wp-block-image\"><img loading=\"lazy\" decoding=\"async\" width=\"862\" height=\"485\" src=\"https:\/\/periodismobahia.com.ar\/viento-sur\/wp-content\/uploads\/2018\/11\/pavon-lesion-boca_862x485.jpg\" alt=\"\" class=\"wp-image-2525\" srcset=\"http:\/\/periodismobahia.com.ar\/viento-sur\/wp-content\/uploads\/2018\/11\/pavon-lesion-boca_862x485.jpg 862w, http:\/\/periodismobahia.com.ar\/viento-sur\/wp-content\/uploads\/2018\/11\/pavon-lesion-boca_862x485-300x169.jpg 300w, http:\/\/periodismobahia.com.ar\/viento-sur\/wp-content\/uploads\/2018\/11\/pavon-lesion-boca_862x485-768x432.jpg 768w\" sizes=\"(max-width: 862px) 100vw, 862px\" \/><\/figure>\n\n\n\n<p>El parte medico oficial de Boca, declaro que la lesion por la cual tuvo que dejar la cancha, fue un desgarro en el isquiotibial izquierdo. Pero no lo descartan para la vuelta.<\/p>\n\n\n\n<!--more-->\n\n\n\n<figure class=\"wp-block-embed-twitter wp-block-embed is-type-rich is-provider-twitter\"><div class=\"wp-block-embed__wrapper\">\n<blockquote class=\"twitter-tweet\" data-width=\"550\" data-dnt=\"true\"><p lang=\"es\" dir=\"ltr\"><a href=\"https:\/\/twitter.com\/hashtag\/ParteM%C3%A9dico?src=hash&amp;ref_src=twsrc%5Etfw\">#ParteM\u00e9dico<\/a> <br><br>Cristian Pav\u00f3n: desgarro isquiotibial izquierdo. <a href=\"https:\/\/t.co\/xq80DLfs3F\">pic.twitter.com\/xq80DLfs3F<\/a><\/p>&mdash; Boca Juniors (@BocaJrsOficial) <a href=\"https:\/\/twitter.com\/BocaJrsOficial\/status\/1062081161063788545?ref_src=twsrc%5Etfw\">November 12, 2018<\/a><\/blockquote><script async src=\"https:\/\/platform.twitter.com\/widgets.js\" charset=\"utf-8\"><\/script>\n<\/div><\/figure>\n\n\n\n<p>El tiempo de recuperaci\u00f3n para este tipo de lesiones suele llevar alrededor de tres semanas y la revancha est\u00e1 pautada para el S\u00e1bado 24 en el Monumental.<\/p>\n\n\n\n<p>Pero desde el cuerpo t\u00e9cnico del club xeneixe, son optimistas con que al menos pueda integrar el banco de suplentes, debido a la capacidad f\u00edsica y de recuperaci\u00f3n que posee el delantero.<\/p>\n\n\n\n<p>Kichan es de vital importancia para Guillermo, pero cuenta con un gran plantel como para poder reemplazarlo. Las opciones que mas suenan, son la de mantener el 4-3-3, con Mauro Zarate o Carlos Tevez.<\/p>\n\n\n\n<p>La otra opci\u00f3n es poner un 4-4-2, como se vio luego de que salga lesionado, con Nahitan Nandez y Sebastian Villa por las bandas, y el doble 9 que se complemento de manera optima entre Dario Benedetto y Ram\u00f3n Wanchope Abila<\/p>\n\n\n\n<p>\u00a0 \u00a0 \u00a0 \u00a0 \u00a0 \u00a0 \u00a0 \u00a0 \u00a0 \u00a0 \u00a0 \u00a0 \u00a0 \u00a0 \u00a0 \u00a0 \u00a0 \u00a0 \u00a0 \u00a0 \u00a0 \u00a0 \u00a0 \u00a0 \u00a0 \u00a0 \u00a0 \u00a0 \u00a0 \u00a0 \u00a0 \u00a0 \u00a0 \u00a0 \u00a0 \u00a0 \u00a0 \u00a0 \u00a0 \u00a0 Tomas Acosta Pereira Dangelo<\/p>\n","protected":false},"excerpt":{"rendered":"<p>El parte medico oficial de Boca, declaro que la lesion por la cual tuvo que dejar la cancha, fue un desgarro en el isquiotibial izquierdo. Pero no lo descartan para la vuelta.<\/p>\n","protected":false},"author":3,"featured_media":0,"comment_status":"closed","ping_status":"open","sticky":false,"template":"","format":"standard","meta":{"footnotes":""},"categories":[2],"tags":[138,337,335,336,338],"_links":{"self":[{"href":"http:\/\/periodismobahia.com.ar\/viento-sur\/index.php?rest_route=\/wp\/v2\/posts\/2517"}],"collection":[{"href":"http:\/\/periodismobahia.com.ar\/viento-sur\/index.php?rest_route=\/wp\/v2\/posts"}],"about":[{"href":"http:\/\/periodismobahia.com.ar\/viento-sur\/index.php?rest_route=\/wp\/v2\/types\/post"}],"author":[{"embeddable":true,"href":"http:\/\/periodismobahia.com.ar\/viento-sur\/index.php?rest_route=\/wp\/v2\/users\/3"}],"replies":[{"embeddable":true,"href":"http:\/\/periodismobahia.com.ar\/viento-sur\/index.php?rest_route=%2Fwp%2Fv2%2Fcomments&post=2517"}],"version-history":[{"count":3,"href":"http:\/\/periodismobahia.com.ar\/viento-sur\/index.php?rest_route=\/wp\/v2\/posts\/2517\/revisions"}],"predecessor-version":[{"id":2576,"href":"http:\/\/periodismobahia.com.ar\/viento-sur\/index.php?rest_route=\/wp\/v2\/posts\/2517\/revisions\/2576"}],"wp:attachment":[{"href":"http:\/\/periodismobahia.com.ar\/viento-sur\/index.php?rest_route=%2Fwp%2Fv2%2Fmedia&parent=2517"}],"wp:term":[{"taxonomy":"category","embeddable":true,"href":"http:\/\/periodismobahia.com.ar\/viento-sur\/index.php?rest_route=%2Fwp%2Fv2%2Fcategories&post=2517"},{"taxonomy":"post_tag","embeddable":true,"href":"http:\/\/periodismobahia.com.ar\/viento-sur\/index.php?rest_route=%2Fwp%2Fv2%2Ftags&post=2517"}],"curies":[{"name":"wp","href":"https:\/\/api.w.org\/{rel}","templated":true}]}}