{"id":2387,"date":"2018-11-12T05:04:54","date_gmt":"2018-11-12T05:04:54","guid":{"rendered":"http:\/\/periodismobahia.com.ar\/viento-sur\/?p=2387"},"modified":"2018-11-12T22:16:38","modified_gmt":"2018-11-12T22:16:38","slug":"tarde-soleada-y-de-campo-en-villa-bordeu","status":"publish","type":"post","link":"http:\/\/periodismobahia.com.ar\/viento-sur\/?p=2387","title":{"rendered":"Tarde soleada y de campo en Villa Bordeu"},"content":{"rendered":"\n<figure class=\"wp-block-image\"><img loading=\"lazy\" decoding=\"async\" width=\"586\" height=\"386\" src=\"http:\/\/periodismobahia.com.ar\/viento-sur\/wp-content\/uploads\/2018\/11\/bahia33.jpg\" alt=\"\" class=\"wp-image-2388\" srcset=\"http:\/\/periodismobahia.com.ar\/viento-sur\/wp-content\/uploads\/2018\/11\/bahia33.jpg 586w, http:\/\/periodismobahia.com.ar\/viento-sur\/wp-content\/uploads\/2018\/11\/bahia33-300x198.jpg 300w\" sizes=\"(max-width: 586px) 100vw, 586px\" \/><figcaption>Foto: InterPatagonia.com<\/figcaption><\/figure>\n\n\n\n<p>Era un domingo muy caluroso, ya se empezaba a sentir que\nest\u00e1bamos en primavera, es m\u00e1s, parec\u00eda casi como si fuera una tarde de verano,\nhac\u00eda alrededor de 29\u00b0 y la verdad que muchas ganas de salir de casa no ten\u00eda,\npero bueno, hab\u00eda que hacerlo.<\/p>\n\n\n\n<!--more-->\n\n\n\n<p>Hasta la ma\u00f1ana de ese d\u00eda no ten\u00edamos idea en que \u00edbamos\na ir, ni que colectivo tomar. Despu\u00e9s de investigar un poco, pusimos un punto\nde encuentro en la parada de las 519A, que es la que nos llevar\u00eda a Villa\nBordeu, sobre calle Belgrano, casi enfrente a Big Six. El horario en el que\nten\u00edamos que estar era a las 14. Cuando llegu\u00e9 ya estaban esperando dos de mis\ncompa\u00f1eras, flor y meli. Ah\u00ed fue cuando me enter\u00e9 que al final \u00edbamos a ir en\nauto de tomi hasta all\u00e1.<\/p>\n\n\n\n<p>Pas\u00f3 a buscarnos y partimos, para asistir a la 134\u00b0\nexposici\u00f3n nacional de ganader\u00eda e industria, ya en viaje, me fueron realizando\ncomo un tour tur\u00edstico de la zona, hasta que llegamos. Hab\u00eda mucho tr\u00e1nsito y\nse nos complic\u00f3 un poco a la hora de entrar, pero en fin, pudimos y logramos\nencontrar lugar para estacionar bastante r\u00e1pido, el estacionamiento era al aire\nlibre en una zona donde volaba mucha tierra, lo peor de todo es que yo andaba\ncon zapatillas y remera blanca.<\/p>\n\n\n\n<p>Ni bien entramos estuvimos buscando la administraci\u00f3n\npara poder retirar la revista expositores y de las actividades que se realizan\nen esta exposici\u00f3n. Recorrimos algunos de los stands comerciales vinculados con\nel agro y la industria que hab\u00eda, se pod\u00edan observar materiales de buena\ncalidad y con precios bastante accesibles. Tambi\u00e9n entramos al sector av\u00edcola,\ndonde pudimos ver las diferentes especies y respectivos campeones de las\ndiversas categor\u00edas.<\/p>\n\n\n\n<ul class=\"wp-block-gallery columns-3 is-cropped wp-block-gallery-1 is-layout-flex wp-block-gallery-is-layout-flex\"><li class=\"blocks-gallery-item\"><figure><img loading=\"lazy\" decoding=\"async\" width=\"746\" height=\"440\" src=\"http:\/\/periodismobahia.com.ar\/viento-sur\/wp-content\/uploads\/2018\/11\/Bordeu-746x440.jpg\" alt=\"\" data-id=\"2390\" data-link=\"http:\/\/periodismobahia.com.ar\/viento-sur\/?attachment_id=2390\" class=\"wp-image-2390\" srcset=\"http:\/\/periodismobahia.com.ar\/viento-sur\/wp-content\/uploads\/2018\/11\/Bordeu-746x440.jpg 746w, http:\/\/periodismobahia.com.ar\/viento-sur\/wp-content\/uploads\/2018\/11\/Bordeu-746x440-300x177.jpg 300w\" sizes=\"(max-width: 746px) 100vw, 746px\" \/><\/figure><\/li><li class=\"blocks-gallery-item\"><figure><img loading=\"lazy\" decoding=\"async\" width=\"800\" height=\"453\" src=\"http:\/\/periodismobahia.com.ar\/viento-sur\/wp-content\/uploads\/2018\/11\/expo-rural-bahia-blanca-interna-bhi.jpg\" alt=\"\" data-id=\"2391\" data-link=\"http:\/\/periodismobahia.com.ar\/viento-sur\/?attachment_id=2391\" class=\"wp-image-2391\" srcset=\"http:\/\/periodismobahia.com.ar\/viento-sur\/wp-content\/uploads\/2018\/11\/expo-rural-bahia-blanca-interna-bhi.jpg 800w, http:\/\/periodismobahia.com.ar\/viento-sur\/wp-content\/uploads\/2018\/11\/expo-rural-bahia-blanca-interna-bhi-300x170.jpg 300w, http:\/\/periodismobahia.com.ar\/viento-sur\/wp-content\/uploads\/2018\/11\/expo-rural-bahia-blanca-interna-bhi-768x435.jpg 768w\" sizes=\"(max-width: 800px) 100vw, 800px\" \/><\/figure><\/li><li class=\"blocks-gallery-item\"><figure><img loading=\"lazy\" decoding=\"async\" width=\"293\" height=\"172\" src=\"http:\/\/periodismobahia.com.ar\/viento-sur\/wp-content\/uploads\/2018\/11\/images.jpg\" alt=\"\" data-id=\"2389\" data-link=\"http:\/\/periodismobahia.com.ar\/viento-sur\/?attachment_id=2389\" class=\"wp-image-2389\" \/><\/figure><\/li><\/ul>\n\n\n\n<p>Llegaron las 15 y fuimos al escenario para poder ver los\ndiferentes discursos de las autoridades, empez\u00f3 hablando el presidente la\nSociedad Rural de Bah\u00eda Blanca N\u00e9stor Cenoz, que habl\u00f3 sobre la buena condici\u00f3n\ndel predio, las buenas inversiones que se hicieron, el aumento de expositores,\nla cantidad de stand, entre varias felicitaciones m\u00e1s para todos lo que\nestuvieron participando en la organizaci\u00f3n de Bordeu. Tambi\u00e9n hablaron el\nintendente de la ciudad H\u00e9ctor Gay, el presidente de la Sociedad Rural\nArgentina Daniel Pelegrina y como representante de la Presidencia de la Naci\u00f3n\nel ministro provincial de agroindustria Leonardo Sarquis. Llenaron de\nfelicitaciones tanto a Cenoz, como a todos los responsables de hacer posible\nesta hermosa expo. Tambi\u00e9n un gran agradecimiento a todos los comerciantes, a\nlas caba\u00f1as expositoras y todas las personas all\u00ed presentes.<\/p>\n\n\n\n<p>Terminado los discursos un grupo de personas bailaron el\nperic\u00f3n y se realiz\u00f3 el desfile de los campeones, nosotros seguimos nuestro\ncamino y pasamos por el establo, hab\u00eda un cartel, que dec\u00eda \u201c\u00a1No tocar a los\ncaballos, muerden!\u201d, a las personas mucho no les import\u00f3 lo que dec\u00eda, ya que\nhab\u00eda bastante personas acarici\u00e1ndolos y tambi\u00e9n aliment\u00e1ndolos. A m\u00ed tampoco\nme import\u00f3 mucho y agarr\u00e9 pedazo de fardo y se lo di para que comiera. Lo mismo\npas\u00f3 cuando fuimos a los corrales de los toros, tambi\u00e9n me di el lujo de\nalimentar a uno.<\/p>\n\n\n\n<figure class=\"wp-block-image\"><img loading=\"lazy\" decoding=\"async\" width=\"600\" height=\"449\" src=\"http:\/\/periodismobahia.com.ar\/viento-sur\/wp-content\/uploads\/2018\/11\/lvp.reservada-sillero-bordeu-18.jpeg\" alt=\"\" class=\"wp-image-2392\" srcset=\"http:\/\/periodismobahia.com.ar\/viento-sur\/wp-content\/uploads\/2018\/11\/lvp.reservada-sillero-bordeu-18.jpeg 600w, http:\/\/periodismobahia.com.ar\/viento-sur\/wp-content\/uploads\/2018\/11\/lvp.reservada-sillero-bordeu-18-300x225.jpeg 300w\" sizes=\"(max-width: 600px) 100vw, 600px\" \/><\/figure>\n\n\n\n<p>Ya habiendo recorrido todo lo que ten\u00eda que ver con\nanimales, paseamos un poco por el sector industrial y de maquinarias agr\u00edcolas,\nque a mi gusto no fue de lo mejor, no vi gran cantidad, adem\u00e1s de poca variedad\nde fierros. Luego de recorrer, ya un poco cansados de caminar y estar parados,\nquisimos buscar un lugar para descansar y tomar unos mates, tema complicado, no\nencontramos un solo lugar verde donde poder sentarnos, as\u00ed que seguimos\nbuscando hasta que vimos que un cantero donde parar un rato.<\/p>\n\n\n\n<p>Ya siendo las 18, pasadas m\u00e1s o menos 3 horas y 20\nminutos de nuestra llegada al predio, decidimos irnos, un viaje que no sali\u00f3\ncomo esper\u00e1bamos. Estando en la ruta, con mucho movimiento de autos y sin la\nposibilidad hacer grandes avances por el amontonamiento, el veh\u00edculo de\nadelante, un Renault Logan fren\u00f3 de golpe, y tomi sin poder frenar lo choc\u00f3 de\natr\u00e1s, no solo una vez, sino dos, ya que el rebote por el impacto nos hizo\nvolver a tocarlo. Ah\u00ed mismo, los dos bajaron a la banquina y hablaron, el auto\nde adelante solo ten\u00eda una abolladura y la patente doblada, el de tomi bueno,\nten\u00eda un poco m\u00e1s&#8230; Tuvimos la suerte de que el hombre era tranquilo y no se\nlo tom\u00f3 muy mal, adem\u00e1s de que no fue tan impactante lo que le pas\u00f3.<\/p>\n\n\n\n<p>El Gol de tomi arranc\u00f3 y pudimos volver, hasta que\nempezamos a sentir olor a quemado, nos asustamos y paramos, todo parec\u00eda creer\nque se hab\u00eda roto el tanque de agua, y se estaba por prender fuego, ya que\nve\u00edamos como perd\u00eda agua y que sal\u00eda humo. Al ver m\u00e1s detenidamente el auto,\nnos dimos cuenta como qued\u00f3, con un faro roto y colgando, con el capote metido\npara adentro y sin poder levantarlo porque estaba trabado y el paragolpes un\npoco hundido. Tomi llam\u00f3 a su primo y apareci\u00f3 en minutos. Despu\u00e9s de intentar\npudo levantar la tapa, y lo que ten\u00eda roto era una manguera, no el tanque, en\nesa corri\u00f3 con un poco de suerte. Nosotros no quisimos serle problema y le\ndijimos que se fuera, as\u00ed que cansados y todo nos volvimos caminando desde la\ncalle Don Bosco al 900 hasta el centro. Terminamos muertos y todo, pero fue una\nmuy linda experiencia la que tuvimos. \u00a0\u00a0\u00a0\u00a0<\/p>\n\n\n\n<h4 class=\"wp-block-heading\">Alessandro C\u00f3rdoba<\/h4>\n","protected":false},"excerpt":{"rendered":"<p>Era un domingo muy caluroso, ya se empezaba a sentir que est\u00e1bamos en primavera, es m\u00e1s, parec\u00eda casi como si fuera una tarde de verano, hac\u00eda alrededor de 29\u00b0 y la verdad que muchas ganas de salir de casa no ten\u00eda, pero bueno, hab\u00eda que hacerlo.<\/p>\n","protected":false},"author":3,"featured_media":0,"comment_status":"closed","ping_status":"open","sticky":false,"template":"","format":"standard","meta":{"footnotes":""},"categories":[89,1,108],"tags":[211,30,142,315,21],"_links":{"self":[{"href":"http:\/\/periodismobahia.com.ar\/viento-sur\/index.php?rest_route=\/wp\/v2\/posts\/2387"}],"collection":[{"href":"http:\/\/periodismobahia.com.ar\/viento-sur\/index.php?rest_route=\/wp\/v2\/posts"}],"about":[{"href":"http:\/\/periodismobahia.com.ar\/viento-sur\/index.php?rest_route=\/wp\/v2\/types\/post"}],"author":[{"embeddable":true,"href":"http:\/\/periodismobahia.com.ar\/viento-sur\/index.php?rest_route=\/wp\/v2\/users\/3"}],"replies":[{"embeddable":true,"href":"http:\/\/periodismobahia.com.ar\/viento-sur\/index.php?rest_route=%2Fwp%2Fv2%2Fcomments&post=2387"}],"version-history":[{"count":3,"href":"http:\/\/periodismobahia.com.ar\/viento-sur\/index.php?rest_route=\/wp\/v2\/posts\/2387\/revisions"}],"predecessor-version":[{"id":2512,"href":"http:\/\/periodismobahia.com.ar\/viento-sur\/index.php?rest_route=\/wp\/v2\/posts\/2387\/revisions\/2512"}],"wp:attachment":[{"href":"http:\/\/periodismobahia.com.ar\/viento-sur\/index.php?rest_route=%2Fwp%2Fv2%2Fmedia&parent=2387"}],"wp:term":[{"taxonomy":"category","embeddable":true,"href":"http:\/\/periodismobahia.com.ar\/viento-sur\/index.php?rest_route=%2Fwp%2Fv2%2Fcategories&post=2387"},{"taxonomy":"post_tag","embeddable":true,"href":"http:\/\/periodismobahia.com.ar\/viento-sur\/index.php?rest_route=%2Fwp%2Fv2%2Ftags&post=2387"}],"curies":[{"name":"wp","href":"https:\/\/api.w.org\/{rel}","templated":true}]}}