{"id":1546,"date":"2018-09-24T22:41:21","date_gmt":"2018-09-24T22:41:21","guid":{"rendered":"http:\/\/periodismobahia.com.ar\/viento-sur\/?p=1546"},"modified":"2018-11-12T22:15:57","modified_gmt":"2018-11-12T22:15:57","slug":"recuerdos-dolorosos","status":"publish","type":"post","link":"http:\/\/periodismobahia.com.ar\/viento-sur\/?p=1546","title":{"rendered":"Recuerdos dolorosos"},"content":{"rendered":"<p>Un d\u00eda, una simple fecha que qued\u00f3 recordada por varias personas, para bien o para mal, para tristeza o felicidad, algunos la guardan con dolor y rencor y otros con emoci\u00f3n y satisfacci\u00f3n. Un tal 13 de julio del 2014 se jug\u00f3 el uno de los partidos m\u00e1s importantes del f\u00fatbol, la final del mundial.<\/p>\n<p>Fue el Maracan\u00e1 el teatro de los sue\u00f1os en donde alemanes y argentinos definir\u00edan la gloria y la derrota. R\u00edo de Janeiro bailaba y cantaba al comp\u00e1s de las hinchadas porque sab\u00eda que se ven\u00eda una verdadera fiesta.<\/p>\n<p><!--more--><\/p>\n<p>Estos mismos pa\u00edses sab\u00edan bien lo que era enfrentarse en citas mundialistas, y m\u00e1s a\u00fan en finales. M\u00e9xico 1986, \u00e9poca dorada, donde una persona hizo magia con sus pies, un morocho, un tal <a href=\"https:\/\/es.wikipedia.org\/wiki\/Diego_Armando_Maradona\" target=\"_blank\" rel=\"noopener\">Diego Armando Maradona<\/a>, el resto es historia. Estos equipos se volvieron a ver las caras 4 a\u00f1os m\u00e1s tarde en Italia, pero con resultado a favor de los germanos, gracias a un dudoso penal que marc\u00f3 <a href=\"https:\/\/es.wikipedia.org\/wiki\/Andreas_Brehme\" target=\"_blank\" rel=\"noopener\">Andreas Brehme<\/a>.<\/p>\n<p>Y as\u00ed fue, 24 a\u00f1os despu\u00e9s, en un estadio donde entraron cerca de 75000 espectadores, comenz\u00f3 un nuevo cruce entre Argentina y Alemania. Un seleccionado albiceleste que contaba con otro zurdito que nos daba la esperanza de volver a estar en lo m\u00e1s alto y gritar campe\u00f3n por tercera vez.<\/p>\n<p>Era imposible no tenerse fe, ya que era un equipo que dejaba todo en la cancha y desde el primer partido se empez\u00f3 a demostrarlo, con las grandes atajadas de \u00abChiquito\u00bb Romero, la entrega de Zabaleta, Garay y Rojo, la fortaleza y el liderazgo de Mascherano, las gambetas de \u00abFideo\u00bb Di Mar\u00eda, la inteligencia de Biglia y la habilidad de <a href=\"https:\/\/es.wikipedia.org\/wiki\/Lionel_Messi\" target=\"_blank\" rel=\"noopener\">Lionel Messi<\/a>. Llegamos hasta ac\u00e1 no solo gracias a ellos, sino tambi\u00e9n a un gran director t\u00e9cnico como lo fue Alejandro Sabella.<\/p>\n<p><img loading=\"lazy\" decoding=\"async\" class=\"alignleft wp-image-1558\" src=\"http:\/\/periodismobahia.com.ar\/viento-sur\/wp-content\/uploads\/2018\/09\/img3-300x190.jpg\" alt=\"\" width=\"341\" height=\"216\" srcset=\"http:\/\/periodismobahia.com.ar\/viento-sur\/wp-content\/uploads\/2018\/09\/img3-300x190.jpg 300w, http:\/\/periodismobahia.com.ar\/viento-sur\/wp-content\/uploads\/2018\/09\/img3.jpg 630w\" sizes=\"(max-width: 341px) 100vw, 341px\" \/><\/p>\n<p style=\"margin-bottom: 24.75px\">Fue frustrante ver como ese equipo nacional en el que todos tuvimos confianza no pudo traernos la copa a casa. Y peor volver a ver los goles que no pudieron ser, como el de Gonzalo Higua\u00edn mano a mano con el arquero, el de Rodrigo Palacio, que era por abajo, el de \u00abLa Pulga\u00bb, que pas\u00f3 rozando el palo. Tambi\u00e9n preguntarse, \u00bfQu\u00e9 hubiese pasado si cobraban el penal de Neuer al \u201cPipita\u00bb?, \u00bfPor qu\u00e9 Sabella sac\u00f3 al \u00abPocho\u00bb y meti\u00f3 al \u00abKun\u00bb cuando estaba jugando bien?<\/p>\n<p><img loading=\"lazy\" decoding=\"async\" class=\"aligncenter wp-image-1553 size-full\" src=\"http:\/\/periodismobahia.com.ar\/viento-sur\/wp-content\/uploads\/2018\/09\/img1.jpg\" alt=\"\" width=\"486\" height=\"314\" srcset=\"http:\/\/periodismobahia.com.ar\/viento-sur\/wp-content\/uploads\/2018\/09\/img1.jpg 486w, http:\/\/periodismobahia.com.ar\/viento-sur\/wp-content\/uploads\/2018\/09\/img1-300x194.jpg 300w\" sizes=\"(max-width: 486px) 100vw, 486px\" \/><\/p>\n<p style=\"text-align: left\">Y ah\u00ed fue, uno de los momentos m\u00e1s triste de mi vida, en el tiempo extra, faltando 8 minutos para que termine el partido, donde los alemanes se aprovecharon del cansancio de los jugadores argentinos y con una ligera corrida de Sch\u00fcrrle que no pudieron frenar ni Zabalete ni Mascherano habilit\u00f3 a Mario G\u00f6tze para convertir el \u00fanico gol de la final y que le dar\u00eda la Copa del Mundo a Alemania.<\/p>\n<p>Autor: Alessandro C\u00f3rdoba<\/p>\n<p style=\"text-align: left\">\n","protected":false},"excerpt":{"rendered":"<p>Un d\u00eda, una simple fecha que qued\u00f3 recordada por varias personas, para bien o para mal, para tristeza o felicidad, algunos la guardan con dolor y rencor y otros con emoci\u00f3n y satisfacci\u00f3n. Un tal 13 de julio del 2014 se jug\u00f3 el uno de los partidos m\u00e1s importantes del f\u00fatbol, la final del mundial. [&hellip;]<\/p>\n","protected":false},"author":3,"featured_media":1585,"comment_status":"closed","ping_status":"open","sticky":false,"template":"","format":"standard","meta":{"footnotes":""},"categories":[88,2],"tags":[184,74,315,140,185],"_links":{"self":[{"href":"http:\/\/periodismobahia.com.ar\/viento-sur\/index.php?rest_route=\/wp\/v2\/posts\/1546"}],"collection":[{"href":"http:\/\/periodismobahia.com.ar\/viento-sur\/index.php?rest_route=\/wp\/v2\/posts"}],"about":[{"href":"http:\/\/periodismobahia.com.ar\/viento-sur\/index.php?rest_route=\/wp\/v2\/types\/post"}],"author":[{"embeddable":true,"href":"http:\/\/periodismobahia.com.ar\/viento-sur\/index.php?rest_route=\/wp\/v2\/users\/3"}],"replies":[{"embeddable":true,"href":"http:\/\/periodismobahia.com.ar\/viento-sur\/index.php?rest_route=%2Fwp%2Fv2%2Fcomments&post=1546"}],"version-history":[{"count":5,"href":"http:\/\/periodismobahia.com.ar\/viento-sur\/index.php?rest_route=\/wp\/v2\/posts\/1546\/revisions"}],"predecessor-version":[{"id":2511,"href":"http:\/\/periodismobahia.com.ar\/viento-sur\/index.php?rest_route=\/wp\/v2\/posts\/1546\/revisions\/2511"}],"wp:featuredmedia":[{"embeddable":true,"href":"http:\/\/periodismobahia.com.ar\/viento-sur\/index.php?rest_route=\/wp\/v2\/media\/1585"}],"wp:attachment":[{"href":"http:\/\/periodismobahia.com.ar\/viento-sur\/index.php?rest_route=%2Fwp%2Fv2%2Fmedia&parent=1546"}],"wp:term":[{"taxonomy":"category","embeddable":true,"href":"http:\/\/periodismobahia.com.ar\/viento-sur\/index.php?rest_route=%2Fwp%2Fv2%2Fcategories&post=1546"},{"taxonomy":"post_tag","embeddable":true,"href":"http:\/\/periodismobahia.com.ar\/viento-sur\/index.php?rest_route=%2Fwp%2Fv2%2Ftags&post=1546"}],"curies":[{"name":"wp","href":"https:\/\/api.w.org\/{rel}","templated":true}]}}